{"id":36528,"date":"2020-02-07T09:19:18","date_gmt":"2020-02-07T09:19:18","guid":{"rendered":"http:\/\/www.avvocatobertaggia.com\/blog\/?p=36528"},"modified":"2023-07-28T07:02:46","modified_gmt":"2023-07-28T07:02:46","slug":"tutela-patrimoniale-e-sequestro-conservativo","status":"publish","type":"post","link":"https:\/\/www.avvocatobertaggia.com\/blog\/tutela-patrimoniale-e-sequestro-conservativo\/","title":{"rendered":"Tutela patrimoniale e sequestro conservativo"},"content":{"rendered":"<h2 style=\"text-align: center;\"><span class=\"ez-toc-section\" id=\"tutela-patrimoniale-e-sequestro-conservativo\"><\/span><strong>TUTELA PATRIMONIALE E SEQUESTRO CONSERVATIVO<\/strong><span class=\"ez-toc-section-end\"><\/span><\/h2><div id=\"ez-toc-container\" class=\"ez-toc-v2_0_82_2 counter-hierarchy ez-toc-counter ez-toc-custom ez-toc-container-direction\">\n<div class=\"ez-toc-title-container\">\n<p class=\"ez-toc-title\" style=\"cursor:inherit\">Contenuti dell&#039;articolo<\/p>\n<span class=\"ez-toc-title-toggle\"><a href=\"#\" class=\"ez-toc-pull-right ez-toc-btn ez-toc-btn-xs ez-toc-btn-default ez-toc-toggle\" aria-label=\"Toggle Table of Content\"><span class=\"ez-toc-js-icon-con\"><span class=\"\"><span class=\"eztoc-hide\" style=\"display:none;\">Toggle<\/span><span class=\"ez-toc-icon-toggle-span\"><svg style=\"fill: #000000;color:#000000\" xmlns=\"http:\/\/www.w3.org\/2000\/svg\" class=\"list-377408\" width=\"20px\" height=\"20px\" viewBox=\"0 0 24 24\" fill=\"none\"><path d=\"M6 6H4v2h2V6zm14 0H8v2h12V6zM4 11h2v2H4v-2zm16 0H8v2h12v-2zM4 16h2v2H4v-2zm16 0H8v2h12v-2z\" fill=\"currentColor\"><\/path><\/svg><svg style=\"fill: #000000;color:#000000\" class=\"arrow-unsorted-368013\" xmlns=\"http:\/\/www.w3.org\/2000\/svg\" width=\"10px\" height=\"10px\" viewBox=\"0 0 24 24\" version=\"1.2\" baseProfile=\"tiny\"><path d=\"M18.2 9.3l-6.2-6.3-6.2 6.3c-.2.2-.3.4-.3.7s.1.5.3.7c.2.2.4.3.7.3h11c.3 0 .5-.1.7-.3.2-.2.3-.5.3-.7s-.1-.5-.3-.7zM5.8 14.7l6.2 6.3 6.2-6.3c.2-.2.3-.5.3-.7s-.1-.5-.3-.7c-.2-.2-.4-.3-.7-.3h-11c-.3 0-.5.1-.7.3-.2.2-.3.5-.3.7s.1.5.3.7z\"\/><\/svg><\/span><\/span><\/span><\/a><\/span><\/div>\n<nav><ul class='ez-toc-list ez-toc-list-level-1 eztoc-toggle-hide-by-default' ><li class='ez-toc-page-1 ez-toc-heading-level-2'><a class=\"ez-toc-link ez-toc-heading-1\" href=\"https:\/\/www.avvocatobertaggia.com\/blog\/tutela-patrimoniale-e-sequestro-conservativo\/#tutela-patrimoniale-e-sequestro-conservativo\" >TUTELA PATRIMONIALE E SEQUESTRO CONSERVATIVO<\/a><ul class='ez-toc-list-level-4' ><li class='ez-toc-heading-level-4'><ul class='ez-toc-list-level-4' ><li class='ez-toc-heading-level-4'><a class=\"ez-toc-link ez-toc-heading-2\" href=\"https:\/\/www.avvocatobertaggia.com\/blog\/tutela-patrimoniale-e-sequestro-conservativo\/#vuoi-avere-informazioni-adeguate-sulla-tutela-patrimoniale-dei-tuoi-beni-mobili-ed-immobili-info-line-390532240071\" >Vuoi avere informazioni adeguate sulla tutela patrimoniale dei tuoi beni mobili ed immobili? INFO LINE +390532240071<\/a><\/li><\/ul><\/li><li class='ez-toc-page-1 ez-toc-heading-level-3'><a class=\"ez-toc-link ez-toc-heading-3\" href=\"https:\/\/www.avvocatobertaggia.com\/blog\/tutela-patrimoniale-e-sequestro-conservativo\/#tutela-patrimoniale-e-sequestro-conservativo-la-mancanza-di-prevenzione\" >TUTELA PATRIMONIALE E SEQUESTRO CONSERVATIVO: LA MANCANZA DI PREVENZIONE<\/a><\/li><li class='ez-toc-page-1 ez-toc-heading-level-3'><a class=\"ez-toc-link ez-toc-heading-4\" href=\"https:\/\/www.avvocatobertaggia.com\/blog\/tutela-patrimoniale-e-sequestro-conservativo\/#tutela-patrimoniale-e-sequestro-conservativo-la-compatibilita\" >TUTELA PATRIMONIALE E SEQUESTRO CONSERVATIVO: LA COMPATIBILIT\u00c0<\/a><\/li><li class='ez-toc-page-1 ez-toc-heading-level-3'><a class=\"ez-toc-link ez-toc-heading-5\" href=\"https:\/\/www.avvocatobertaggia.com\/blog\/tutela-patrimoniale-e-sequestro-conservativo\/#tutela-patrimoniale-e-sequestro-conservativo-le-ragioni-del-creditore\" >TUTELA PATRIMONIALE E SEQUESTRO CONSERVATIVO: LE RAGIONI DEL CREDITORE<\/a><ul class='ez-toc-list-level-4' ><li class='ez-toc-heading-level-4'><a class=\"ez-toc-link ez-toc-heading-6\" href=\"https:\/\/www.avvocatobertaggia.com\/blog\/tutela-patrimoniale-e-sequestro-conservativo\/#tutela-patrimoniale-e-sequestro-conservativo-un-caso\" >TUTELA PATRIMONIALE E SEQUESTRO CONSERVATIVO:\u00a0UN CASO<\/a><\/li><li class='ez-toc-page-1 ez-toc-heading-level-4'><a class=\"ez-toc-link ez-toc-heading-7\" href=\"https:\/\/www.avvocatobertaggia.com\/blog\/tutela-patrimoniale-e-sequestro-conservativo\/#tutela-patrimoniale-e-sequestro-conservativo-donazione-linutile-difesa\" >TUTELA PATRIMONIALE E SEQUESTRO CONSERVATIVO: DONAZIONE, L&#8217;INUTILE DIFESA<\/a><\/li><li class='ez-toc-page-1 ez-toc-heading-level-4'><a class=\"ez-toc-link ez-toc-heading-8\" href=\"https:\/\/www.avvocatobertaggia.com\/blog\/tutela-patrimoniale-e-sequestro-conservativo\/#tutela-patrimoniale-e-sequestro-conservativo-i-motivi-della-sconfitta-in-giudizio\" >TUTELA PATRIMONIALE E SEQUESTRO CONSERVATIVO: I MOTIVI DELLA SCONFITTA IN GIUDIZIO<\/a><\/li><li class='ez-toc-page-1 ez-toc-heading-level-4'><a class=\"ez-toc-link ez-toc-heading-9\" href=\"https:\/\/www.avvocatobertaggia.com\/blog\/tutela-patrimoniale-e-sequestro-conservativo\/#tutela-patrimoniale-e-sequestro-conservativo-come-tutelare-adeguatamente-il-proprio-patrimonio\" >TUTELA PATRIMONIALE E SEQUESTRO CONSERVATIVO:\u00a0COME TUTELARE ADEGUATAMENTE IL PROPRIO PATRIMONIO<\/a><\/li><li class='ez-toc-page-1 ez-toc-heading-level-4'><a class=\"ez-toc-link ez-toc-heading-10\" href=\"https:\/\/www.avvocatobertaggia.com\/blog\/tutela-patrimoniale-e-sequestro-conservativo\/#tutela-patrimoniale-e-sequestro-conservativo-considerazioni-finali\" >TUTELA PATRIMONIALE E SEQUESTRO CONSERVATIVO: CONSIDERAZIONI FINALI<\/a><\/li><\/ul><\/li><\/ul><\/li><\/ul><\/nav><\/div>\n\n<p style=\"text-align: justify;\">Gentili lettori, restiamo in tema di tutela patrimoniale e sequestro conservativo, e cerchiamo di comprendere come il sequestro conservativo possa incidere in maniera particolarmente negativa su tutti coloro che <strong>non hanno attivato per tempo<\/strong> utili strumenti di <span style=\"color: #0000ff;\"><strong><a style=\"color: #0000ff;\" href=\"https:\/\/www.avvocatobertaggia.org\/2013-12-08-18-16-13\/tutela-patrimoniale.html\"><span style=\"color: #ff0000;\">tutela patrimoniale<\/span><\/a><\/strong><\/span>, rischiando cos\u00ec di vedere distrutto il loro intero patrimonio, solo per il fatto che non si sono decisi, per tempo, a <span style=\"color: #0000ff;\"><strong><a style=\"color: #0000ff;\" href=\"https:\/\/www.avvocatobertaggia.com\/blog\/tutela-patrimoniale-prevenzione\/\"><span style=\"color: #ff0000;\">tutelare il loro patrimonio<\/span><\/a><\/strong><\/span>, sia immobiliare che mobiliare.<\/p>\n<p>Articolo a cura dell<strong>&#8216;<\/strong><span style=\"color: #ff0000;\"><a style=\"color: #ff0000;\" href=\"https:\/\/www.avvocatobertaggia.org\/-studio-legale-internazionale-bertaggia.html\"><strong>Avvocato Bertaggia di Ferrara<\/strong><\/a><strong>.<\/strong><\/span><\/p>\n<h4 style=\"text-align: center;\"><span class=\"ez-toc-section\" id=\"vuoi-avere-informazioni-adeguate-sulla-tutela-patrimoniale-dei-tuoi-beni-mobili-ed-immobili-info-line-390532240071\"><\/span><strong>Vuoi avere informazioni adeguate sulla tutela patrimoniale dei tuoi beni mobili ed immobili? INFO LINE <span style=\"color: #ff0000;\"><a style=\"color: #ff0000;\" href=\"tel:+390532240071\">+390532240071<\/a><\/span><\/strong><span class=\"ez-toc-section-end\"><\/span><\/h4>\n<p><img decoding=\"async\" class=\"size-full wp-image-41096 aligncenter lazyload\" data-src=\"https:\/\/www.avvocatobertaggia.com\/blog\/wp-content\/uploads\/2021\/08\/24ore.png\" alt=\"\" width=\"155\" height=\"70\" src=\"data:image\/svg+xml;base64,PHN2ZyB3aWR0aD0iMSIgaGVpZ2h0PSIxIiB4bWxucz0iaHR0cDovL3d3dy53My5vcmcvMjAwMC9zdmciPjwvc3ZnPg==\" style=\"--smush-placeholder-width: 155px; --smush-placeholder-aspect-ratio: 155\/70;\" \/><\/p>\n<h3 style=\"text-align: justify;\"><span class=\"ez-toc-section\" id=\"tutela-patrimoniale-e-sequestro-conservativo-la-mancanza-di-prevenzione\"><\/span><strong>TUTELA PATRIMONIALE E SEQUESTRO CONSERVATIVO: LA MANCANZA DI PREVENZIONE<\/strong><span class=\"ez-toc-section-end\"><\/span><\/h3>\n<p style=\"text-align: justify;\">Molte persone, soltanto quando hanno debiti immediati e contingenti, cercano di risolvere i loro problemi effettuando inutili operazioni per sottrarre i loro beni ai creditori: operazioni sconsiderate, illecite, e comunque sempre sottoposte alla concreta possibilit\u00e0 di essere sottoposta all&#8217;azione revocatoria ex art. 2901 ss c.c. Il problema, tutto italiano, consiste nell&#8217;assoluta mancanza di una cultuta preventiva volta alla tutela immobiliare, gi\u00e0 i latini ci ammonivano: &#8220;<em>melius est intacta jura servare, quam vulnerata, remedia quaerere<\/em>&#8220;. Ora, nel 2020, tale aforisma ha una validit\u00e0 assoluta. Cercare di tenere intatti i propri diritti piuttosto che porre rimedio, inutile, ad esecuzioni iniziate, \u00e8 una priorit\u00e0 a cui l&#8217;imprenditore ed il proprietario assennato non potr\u00e0 rinunziare, mai.<\/p>\n<h3 style=\"text-align: justify;\"><span class=\"ez-toc-section\" id=\"tutela-patrimoniale-e-sequestro-conservativo-la-compatibilita\"><\/span><strong>TUTELA PATRIMONIALE E SEQUESTRO CONSERVATIVO: LA COMPATIBILIT\u00c0<\/strong><span class=\"ez-toc-section-end\"><\/span><\/h3>\n<p style=\"text-align: justify;\">Sussiste infatti, vanificando quindi ogni sforzo dell&#8217;ultimo momento, compatibilit\u00e0 assoluta tra il sequestro conservativo di cui al combinato disposto <em>ex<\/em> artt. 2905 c.c. e 671 c.p.c., e <span style=\"color: #0000ff;\"><strong><a style=\"color: #0000ff;\" href=\"https:\/\/www.avvocatobertaggia.com\/blog\/azione-revocatoria-notifica-prescrizione-azione\/\"><span style=\"color: #ff0000;\">l\u2019azione revocatoria ordinaria<\/span><\/a><\/strong><\/span>, sia in ragione della finalit\u00e0 di quest\u2019ultima, ovvero di ricostruzione della garanzia generica assicurata dal creditore al patrimonio del suo debitore, sia avuto riguardo al disposto di cui al secondo comma dell\u2019art. 2906 c.c., atteso che se il rimedio cautelare \u00e8 proponibile nei confronti del terzo acquirente, nella causa in cui \u00e8 stata proposta l\u2019azione per far dichiarare l\u2019inefficacia dell\u2019alienazione, deve esserlo anche in quella esperita nei confronti del debitore principale.<\/p>\n<blockquote>\n<p style=\"text-align: left;\"><strong>E&#8217; sufficiente, ai fini del perfezionamento dell&#8217;azione revocatoria in capo al creditore, la semplice consapevolezza del debitore di arrecare pregiudizio agli interessi del creditore, ovvero la previsione di un mero danno potenziale, rimanendo, invece, irrilevanti tanto l\u2019intenzione del debitore di ledere la garanzia patrimoniale generica del creditore, quanto la relativa conoscenza o partecipazione da parte del terzo.<\/strong><\/p>\n<\/blockquote>\n<h3 style=\"text-align: justify;\"><span class=\"ez-toc-section\" id=\"tutela-patrimoniale-e-sequestro-conservativo-le-ragioni-del-creditore\"><\/span><strong>TUTELA PATRIMONIALE E SEQUESTRO CONSERVATIVO: LE RAGIONI DEL CREDITORE<\/strong><span class=\"ez-toc-section-end\"><\/span><\/h3>\n<p style=\"text-align: justify;\">Ai fini dell&#8217;utile esperibilit\u00e0 dell&#8217;<strong>azione revocatoria<\/strong>, \u00e8 sufficiente la consapevolezza, da parte del debitore stesso, non del terzo beneficiario, del pregiudizio che, mediante l\u2019atto di disposizione, sia in concreto arrecato alle ragioni del creditore, consapevolezza la cui prova pu\u00f2 essere fornita anche mediante presunzioni.<\/p>\n<h4 style=\"text-align: justify;\"><span class=\"ez-toc-section\" id=\"tutela-patrimoniale-e-sequestro-conservativo-un-caso\"><\/span><strong>TUTELA PATRIMONIALE E SEQUESTRO CONSERVATIVO:\u00a0UN CASO<\/strong><span class=\"ez-toc-section-end\"><\/span><\/h4>\n<p style=\"text-align: justify;\">Esemplificativamente potremmo ipotizzare un creditore che convengo in giudizio un debitore, garante di una societ\u00e0, assumendo che quest\u2019ultimo abbia posto in essere atti pregiudizievoli in proprio danno, mediante la costituzione di un <span style=\"color: #0000ff;\"><strong><a style=\"color: #0000ff;\" href=\"https:\/\/www.avvocatobertaggia.org\/component\/k2\/item\/129-fondo-patrimoniale-inefficacia-assoluta.html\"><span style=\"color: #ff0000;\">fondo patrimoniale<\/span><\/a><\/strong><\/span> (atto inutile e sconsigliatissimo) con la coniuge, nel quale si sono inglobate le azioni della societ\u00e0 garantita e la donazione (altro atto sconsiderato) di altre azioni appartenenti alla medesima societ\u00e0.<\/p>\n<p style=\"text-align: justify;\">Il creditore ben potrebbe ritenere configurati gli elementi essenziali dell&#8217;azione revocatoria, potrebbe chiedere che fosse esperita l\u2019azione revocatoria ordinaria ex art. 2901 c.c. e, con contestualit\u00e0, <strong>procedere al sequestro conservativo ex art. 671 c.p.c. delle azioni della societ\u00e0 garantita, oggetto degli atti di disposizione<\/strong>.<\/p>\n<h4 style=\"text-align: justify;\"><span class=\"ez-toc-section\" id=\"tutela-patrimoniale-e-sequestro-conservativo-donazione-linutile-difesa\"><\/span><strong>TUTELA PATRIMONIALE E SEQUESTRO CONSERVATIVO: DONAZIONE, L&#8217;INUTILE DIFESA<\/strong><span class=\"ez-toc-section-end\"><\/span><\/h4>\n<p style=\"text-align: justify;\">Se non ci si \u00e8 assicurati precedentemente un&#8217;assicurazione adeguata (in punto agli atti di tutela patrimoniale) ogni difesa \u00e8 inutile. Inutilmente i debitori si costituiranno in giudizio, deducendo preliminarmente l\u2019evidente sproporzione tra i beni oggetto dell\u2019istanza di sequestro ed il credito vantato dal creditore e contestando, pertanto, la sussistenza dei requisiti essenziali per ottenere il sequestro conservativo.<\/p>\n<blockquote>\n<p style=\"text-align: left;\"><strong>Il Tribunale, con un grandissimo grado di probabilit\u00e0, riterr\u00e0 ammissibile la domanda di sequestro, ritenendo compatibile l\u2019azione revocatoria ordinaria con il sequestro conservativo, nella considerazione che se il rimedio cautelare \u00e8 proponibile nei confronti del terzo acquirente, nella causa in cui sia stata proposta per far dichiarare l\u2019inefficacia dell\u2019atto di disposizione, deve esserlo, con logica ineccepibile, anche in quella esperita nei confronti del debitore principale.<\/strong><\/p>\n<\/blockquote>\n<h4 style=\"text-align: justify;\"><span class=\"ez-toc-section\" id=\"tutela-patrimoniale-e-sequestro-conservativo-i-motivi-della-sconfitta-in-giudizio\"><\/span><strong>TUTELA PATRIMONIALE E SEQUESTRO CONSERVATIVO: I MOTIVI DELLA SCONFITTA IN GIUDIZIO<\/strong><span class=\"ez-toc-section-end\"><\/span><\/h4>\n<p style=\"text-align: justify;\">Il Tribunale, quanto ai ai presupposti cautelari, probabilmente riterr\u00e0 evidente la sussistenza delle condizioni necessarie per l\u2019esperimento del sequestro conservativo, ed in conformit\u00e0 con la giurisprudenza di legittimit\u00e0, riterr\u00e0 che non \u00e8 necessaria la totale compromissione delle ragioni del creditore, <strong>bastando la semplice valutazione di maggiore difficolt\u00e0 della loro realizzazione anche nel caso di garanzia fideiussoria, posto che \u00e8 da ritenersi sufficiente per la procedibilit\u00e0 del sequestro conservativo, l\u2019esistenza di elementi certi e sintomatici del possibile depauperamento del patrimonio del debitore, da porsi in ulteriore relazione con la composizione del patrimonio stesso, con la capacit\u00e0 reddituale e con l\u2019atteggiamento in concreto assunto dal debitore medesimo<\/strong>.<\/p>\n<p style=\"text-align: center;\"><iframe width=\"560\" height=\"315\" data-src=\"https:\/\/www.youtube.com\/embed\/mtYtgZKuln0\" title=\"YouTube video player\" frameborder=\"0\" allow=\"accelerometer; autoplay; clipboard-write; encrypted-media; gyroscope; picture-in-picture; web-share\" allowfullscreen src=\"data:image\/svg+xml;base64,PHN2ZyB3aWR0aD0iMSIgaGVpZ2h0PSIxIiB4bWxucz0iaHR0cDovL3d3dy53My5vcmcvMjAwMC9zdmciPjwvc3ZnPg==\" class=\"lazyload\" data-load-mode=\"1\"><\/iframe><\/p>\n<h4 style=\"text-align: justify;\"><span class=\"ez-toc-section\" id=\"tutela-patrimoniale-e-sequestro-conservativo-come-tutelare-adeguatamente-il-proprio-patrimonio\"><\/span><strong>TUTELA PATRIMONIALE E SEQUESTRO CONSERVATIVO:\u00a0COME TUTELARE ADEGUATAMENTE IL PROPRIO PATRIMONIO<\/strong><span class=\"ez-toc-section-end\"><\/span><\/h4>\n<p style=\"text-align: justify;\">Come abbiamo ribadito pi\u00f9 e pi\u00f9 volte nei nostri interventi, l&#8217;unico modo per preservare intatti i propri diritti patrimoniali \u00e8 quello di disporre degli stessi anticipatamente ad un ipotetico ( e non voluto ) evento debitorio.<\/p>\n<p style=\"text-align: justify;\"><strong>Non ha senso tenere patrimoni mobili ed immobili intestati a s\u00e9 medesimo per poi pretendere, innanzi alle pretese di creditori, di disfarsi degli stessi come se ci\u00f2 non fosse sanzionabile<\/strong> (civilmente ma anche penalmente, basti pensare all&#8217;art. 11 d.lgs. n. 74\/2000 ed all&#8217;art. 388 c.p.) e facilmente revocabile. Il principio per cui bisogna rispondere delle proprie obbligazioni con l&#8217;intero proprio patrimonio ai sensi dell&#8217;art. 2740 c.c. resta valido: altrettanto valido \u00e8 prevedere eventi non voluti e, cos\u00ec come uno si assicura contro gli infortuni o le malattie (che nessuno vorrebbe mai avere) effettuare una adeguata e propositiva tutela patrimoniale atta a salvaguardare il patrimonio personale da future aggressioni.<\/p>\n<h4><span class=\"ez-toc-section\" id=\"tutela-patrimoniale-e-sequestro-conservativo-considerazioni-finali\"><\/span><strong>TUTELA PATRIMONIALE E SEQUESTRO CONSERVATIVO: CONSIDERAZIONI FINALI<\/strong><span class=\"ez-toc-section-end\"><\/span><\/h4>\n<p style=\"text-align: justify;\">La tutela patrimoniale e il sequestro conservativo possono avere un impatto negativo significativo su coloro che non hanno messo in atto in tempo utile strumenti di protezione patrimoniale, rischiando cos\u00ec di perdere l&#8217;intero patrimonio semplicemente perch\u00e9 non hanno provveduto in anticipo a tutelare i loro beni, sia immobiliari che mobiliari.<\/p>\n<p style=\"text-align: justify;\">L&#8217;azione revocatoria ex art. 2901 ss c.c. pu\u00f2 invalidare operazioni effettuate per sottrarre i beni ai creditori, qualora queste operazioni siano state compiute in modo sconsiderato o illecito. La mancanza di una cultura preventiva volta alla tutela del patrimonio pu\u00f2 portare a gravi conseguenze quando i debiti si fanno presenti. \u00c8 importante prendere in considerazione la tutela patrimoniale in anticipo per evitare di dover agire quando le azioni correttive potrebbero essere inutili o vanificate.<\/p>\n<p style=\"text-align: justify;\">Il sequestro conservativo (ex artt. 2905 c.c. e 671 c.p.c.) pu\u00f2 essere compatibile con l&#8217;azione revocatoria ordinaria, poich\u00e9 l&#8217;intento di quest&#8217;ultima \u00e8 quello di ricostruire la garanzia generica del creditore sul patrimonio del debitore. Il creditore pu\u00f2 richiedere il sequestro conservativo delle azioni oggetto dell&#8217;atto di disposizione effettuato dal debitore per pregiudicare i suoi interessi.<\/p>\n<p style=\"text-align: justify;\">L&#8217;azione revocatoria pu\u00f2 essere perfezionata sulla base della consapevolezza del debitore di arrecare pregiudizio al creditore tramite l&#8217;atto di disposizione, anche se l&#8217;intenzione del debitore o la partecipazione del terzo beneficiario non sono rilevanti.<\/p>\n<blockquote>\n<p style=\"text-align: left;\"><strong><em>La <span style=\"color: #ff0000;\"><a style=\"color: #ff0000;\" href=\"https:\/\/www.avvocatobertaggia.org\/tutela-patrimoniale.html\" target=\"_blank\" rel=\"noopener\">protezione patrimoniale anticipata<\/a><\/span> \u00e8 fondamentale per preservare i propri diritti patrimoniali. \u00c8 inutile cercare di disfarsi dei beni quando i creditori avanzano le richieste, poich\u00e9 tali azioni possono essere considerate illecite e revocabili. \u00c8 essenziale agire preventivamente e adottare misure di tutela patrimoniale per proteggere i propri beni da future eventuali richieste creditorie.<\/em><\/strong><\/p>\n<\/blockquote>\n<p style=\"text-align: justify;\">Si consiglia di consultare un avvocato patrimonialista per ricevere informazioni adeguate sulla tutela dei beni mobili e immobili.<\/p>\n<blockquote>\n<p style=\"text-align: left;\"><strong><em>Vuoi avere informazioni adeguate sulla tutela patrimoniale dei tuoi beni \u00a0mobili ed immobili?\u00a0 Cerchi un avvocato patrimonialista Ferrara o un avvocato patrimonialista Italia?\u00a0 telefona al <\/em><a href=\"tel:+390532240071\"><span style=\"color: #ff0000;\"><em>+390532240071<\/em><\/span><\/a><\/strong><\/p>\n<\/blockquote>\n<p class=\"Standard\" style=\"text-align: center;\">Per approfondire questo argomento naviga nel <strong><a href=\"https:\/\/www.youtube.com\/c\/DanieleBertaggia-avvocato\">nostro canale YouTube<\/a><\/strong><\/p>\n<p class=\"Standard\" style=\"text-align: center;\">Siamo operativi anche per <strong><a href=\"https:\/\/www.avvocatobertaggia.org\/2013-12-08-18-16-12\/videconsulenza-legale.html\">videoconsulenze<\/a><\/strong>, senza bisogno di spostarsi fisicamente per venire nei nostri uffici<\/p>\n<p style=\"text-align: center;\"><div class=\"su-button-center\"><a href=\"https:\/\/live.vcita.com\/site\/avvocatobertaggia\" class=\"su-button su-button-style-default su-button-wide\" style=\"color:#FFFFFF;background-color:#ef2d4a;border-color:#c0243c;border-radius:7px\" target=\"_self\"><span style=\"color:#FFFFFF;padding:7px 20px;font-size:16px;line-height:24px;border-color:#f46c81;border-radius:7px;text-shadow:none\"><i class=\"sui sui-balance-scale\" style=\"font-size:16px;color:#FFFFFF\"><\/i> Devi tutelare il tuo patrimonio? Vuoi parlare con un avvocato patrimonialista? Puoi contattarci. Clicca<\/span><\/a><\/div>\n<p>&nbsp;<\/p>\n<p><img decoding=\"async\" class=\"alignnone size-large wp-image-41366 lazyload\" data-src=\"https:\/\/www.avvocatobertaggia.com\/blog\/wp-content\/uploads\/2021\/11\/logo-bertaggia-blog-1024x222.jpg\" alt=\"\" width=\"1024\" height=\"222\" data-srcset=\"https:\/\/www.avvocatobertaggia.com\/blog\/wp-content\/uploads\/2021\/11\/logo-bertaggia-blog-1024x222.jpg 1024w, https:\/\/www.avvocatobertaggia.com\/blog\/wp-content\/uploads\/2021\/11\/logo-bertaggia-blog-300x65.jpg 300w, https:\/\/www.avvocatobertaggia.com\/blog\/wp-content\/uploads\/2021\/11\/logo-bertaggia-blog-768x167.jpg 768w, https:\/\/www.avvocatobertaggia.com\/blog\/wp-content\/uploads\/2021\/11\/logo-bertaggia-blog-750x163.jpg 750w, https:\/\/www.avvocatobertaggia.com\/blog\/wp-content\/uploads\/2021\/11\/logo-bertaggia-blog.jpg 1059w\" data-sizes=\"(max-width: 1024px) 100vw, 1024px\" src=\"data:image\/svg+xml;base64,PHN2ZyB3aWR0aD0iMSIgaGVpZ2h0PSIxIiB4bWxucz0iaHR0cDovL3d3dy53My5vcmcvMjAwMC9zdmciPjwvc3ZnPg==\" style=\"--smush-placeholder-width: 1024px; --smush-placeholder-aspect-ratio: 1024\/222;\" \/><\/p>\n<p><span style=\"color: #333333;\"><span style=\"font-family: arial, helvetica, sans-serif;\"><span style=\"font-size: xx-small;\">NOTE OBBLIGATORIE per la citazione o riproduzione degli articoli e dei documenti pubblicati in www.avvocatobertaggia.com\/blog<br \/>\n\u00c8 consentito il solo link dal proprio sito alla pagina di www.avvocatobertaggia.com\/blog che contiene l&#8217;articolo di interesse.<br \/>\n\u00c8 vietato che l&#8217;intero articolo sia copiato in altro sito; anche in caso di pubblicazione di un estratto parziale \u00e8 sempre obbligatoria l&#8217;indicazione della fonte e l&#8217;inserimento di un link diretto alla pagina di www.avvocatobertaggia.com\/blog che contiene l&#8217;articolo.<br \/>\nPer la citazione in Libri, Riviste, Tesi di laurea, e ogni diversa pubblicazione, online o cartacea, di articoli (o estratti di articoli) pubblicati in www.avvocatobertaggia.com\/blog \u00e8 obbligatoria l&#8217;indicazione della fonte, nel modo che segue:<br \/>\n<\/span><\/span><\/span><span style=\"color: #333333;\"><span style=\"font-family: arial, helvetica, sans-serif;\"><span style=\"font-size: xx-small;\"> Autore. Studio Legale Internazionale Bertaggia &#8211;<\/span><\/span><\/span><strong><span style=\"color: #333333;\"><span style=\"font-family: arial, helvetica, sans-serif;\"><span style=\"font-size: xx-small;\"><b> Titolo <\/b><\/span><\/span><\/span><\/strong><span style=\"font-size: xx-small;\"><strong><span style=\"color: #333333;\"><span style=\"font-family: arial, helvetica, sans-serif;\">Tutela patrimoniale e sequestro conservativo<\/span><\/span><\/strong><\/span><strong><span style=\"color: #333333;\"><span style=\"font-family: arial, helvetica, sans-serif;\"><span style=\"font-size: xx-small;\"><b>, <\/b><\/span><\/span><\/span><\/strong><span style=\"color: #333333;\"><span style=\"font-family: arial, helvetica, sans-serif;\"><span style=\"font-size: xx-small;\">in www.avvocatobertaggia.com\/blog<\/span><\/span><\/span><\/p>\n<p class=\"Standard\" style=\"text-align: justify;\"><em>La presente Scheda ha scopi esclusivamente informativi, non impegna in alcun modo n\u00e9 la redazione online n\u00e9 lo Studio Legale Internazionale Bertaggia. Non prendere mai decisioni fiscali o giuridiche senza prima avere consultato un avvocato esperto nella materia.<\/em><\/p>\n<p style=\"text-align: justify;\"><em>Articolo aggiornato al 28 Luglio 2023<\/em><\/p>\n","protected":false},"excerpt":{"rendered":"<p>TUTELA PATRIMONIALE E SEQUESTRO CONSERVATIVO Gentili lettori, restiamo in tema di tutela patrimoniale e sequestro conservativo, e cerchiamo di comprendere come il sequestro conservativo possa incidere in maniera particolarmente negativa su tutti coloro che non hanno attivato per tempo utili strumenti di tutela patrimoniale, rischiando cos\u00ec di vedere distrutto il loro intero patrimonio, solo per [&hellip;]<\/p>\n","protected":false},"author":2,"featured_media":38977,"comment_status":"closed","ping_status":"closed","sticky":false,"template":"","format":"standard","meta":{"content-type":"","jnews-multi-image_gallery":[],"jnews_single_post":{"source_name":"","source_url":"","via_name":"","via_url":"","override_template":"0","override":[{"template":"1","single_blog_custom":"","parallax":"1","fullscreen":"0","layout":"right-sidebar","sidebar":"default-sidebar","second_sidebar":"default-sidebar","sticky_sidebar":"1","share_position":"top","share_float_style":"share-monocrhome","show_share_counter":"1","show_view_counter":"1","show_featured":"1","show_post_meta":"1","show_post_author":"1","show_post_author_image":"1","show_post_date":"1","post_date_format":"default","post_date_format_custom":"Y\/m\/d","show_post_category":"1","show_post_reading_time":"0","post_reading_time_wpm":"300","show_zoom_button":"0","zoom_button_out_step":"2","zoom_button_in_step":"3","show_post_tag":"1","show_prev_next_post":"1","show_popup_post":"1","number_popup_post":"1","show_author_box":"0","show_post_related":"0","show_inline_post_related":"0"}],"override_image_size":"0","image_override":[{"single_post_thumbnail_size":"crop-500","single_post_gallery_size":"crop-500"}],"trending_post":"0","trending_post_position":"meta","trending_post_label":"Trending","sponsored_post":"0","sponsored_post_label":"Sponsored by","sponsored_post_name":"","sponsored_post_url":"","sponsored_post_logo_enable":"0","sponsored_post_logo":"","sponsored_post_desc":"","disable_ad":"0"},"jnews_primary_category":{"id":"","hide":""},"jnews_social_meta":{"fb_title":"","fb_description":"","fb_image":"","twitter_title":"","twitter_description":"","twitter_image":""},"jnews_review":[],"enable_review":"","type":"","name":"","summary":"","brand":"","sku":"","good":[],"bad":[],"score_override":"","override_value":"","rating":[],"price":[],"jnews_override_counter":{"override_view_counter":"0","view_counter_number":"0","override_share_counter":"0","share_counter_number":"0","override_like_counter":"0","like_counter_number":"0","override_dislike_counter":"0","dislike_counter_number":"0"},"jnews_post_split":{"enable_post_split":"0","post_split":[{"template":"1","tag":"h2","numbering":"asc","mode":"normal"}]},"footnotes":""},"categories":[2],"tags":[2217,2223,166,207,208,209,243,2222,2221,2230,2229,2224,2218,2227,652,787,2219,2228,2220,2225,1218,2226,1427,2216,1646,1649,1650,1655],"class_list":["post-36528","post","type-post","status-publish","format-standard","has-post-thumbnail","hentry","category-sez-civile","tag-art-2901-cc","tag-art-671-c-p-c","tag-avvocato-bertaggia","tag-avvocato-patrimonialista","tag-avvocato-patrimonialista-ferrara","tag-avvocato-patrimonialista-italia","tag-azione-revocatoria","tag-azione-revocatoria-ordinaria","tag-azioni-di-disposizione","tag-beni-immobili","tag-beni-mobili","tag-consapevolezza-del-debitore","tag-cultura-preventiva","tag-diritti-patrimoniali","tag-donazione","tag-fondo-patrimoniale","tag-garanzia-generica","tag-misure-di-tutela","tag-patrimonio","tag-pregiudizio","tag-proteggere-i-beni","tag-protezione-patrimoniale-anticipata","tag-sequestro-conservativo","tag-strumenti-di-tutela","tag-tutela-del-patrimonio","tag-tutela-immobili","tag-tutela-immobiliare","tag-tutela-patrimoniale"],"yoast_head":"<!-- This site is optimized with the Yoast SEO plugin v27.5 - https:\/\/yoast.com\/product\/yoast-seo-wordpress\/ -->\n<title>Tutela patrimoniale e sequestro conservativo - Blog Bertaggia<\/title>\n<meta name=\"description\" content=\"Tutela patrimoniale e sequestro conservativo: come tutelare il proprio patrimonio, cosa fare per essere sicuri di salvaguardare i propri beni.\" \/>\n<meta name=\"robots\" content=\"index, follow, max-snippet:-1, max-image-preview:large, max-video-preview:-1\" \/>\n<link rel=\"canonical\" href=\"https:\/\/www.avvocatobertaggia.com\/blog\/tutela-patrimoniale-e-sequestro-conservativo\/\" \/>\n<meta property=\"og:locale\" content=\"it_IT\" \/>\n<meta property=\"og:type\" content=\"article\" \/>\n<meta property=\"og:title\" content=\"Tutela patrimoniale e sequestro conservativo - Blog Bertaggia\" \/>\n<meta property=\"og:description\" content=\"Tutela patrimoniale e sequestro conservativo: come tutelare il proprio patrimonio, cosa fare per essere sicuri di salvaguardare i propri beni.\" \/>\n<meta property=\"og:url\" content=\"https:\/\/www.avvocatobertaggia.com\/blog\/tutela-patrimoniale-e-sequestro-conservativo\/\" \/>\n<meta property=\"og:site_name\" content=\"Avvocato Daniele Bertaggia Blog\" \/>\n<meta property=\"article:publisher\" content=\"https:\/\/www.facebook.com\/avvocatodaniele.bertaggia\" \/>\n<meta property=\"article:author\" content=\"https:\/\/www.facebook.com\/avvocatodaniele.bertaggia\" \/>\n<meta property=\"article:published_time\" content=\"2020-02-07T09:19:18+00:00\" \/>\n<meta property=\"article:modified_time\" content=\"2023-07-28T07:02:46+00:00\" \/>\n<meta property=\"og:image\" content=\"https:\/\/www.avvocatobertaggia.com\/blog\/wp-content\/uploads\/2017\/06\/Tutela-patrimoniale-e-sequestro-conservativo-1.jpg\" \/>\n\t<meta property=\"og:image:width\" content=\"1200\" \/>\n\t<meta property=\"og:image:height\" content=\"845\" \/>\n\t<meta property=\"og:image:type\" content=\"image\/jpeg\" \/>\n<meta name=\"author\" content=\"Avv. Daniele Bertaggia\" \/>\n<meta name=\"twitter:card\" content=\"summary_large_image\" \/>\n<meta name=\"twitter:creator\" content=\"@avv.bertaggia@avvocatobertaggia.com\" \/>\n<meta name=\"twitter:site\" content=\"@Avv_Bertaggia\" \/>\n<meta name=\"twitter:label1\" content=\"Scritto da\" \/>\n\t<meta name=\"twitter:data1\" content=\"Avv. Daniele Bertaggia\" \/>\n\t<meta name=\"twitter:label2\" content=\"Tempo di lettura stimato\" \/>\n\t<meta name=\"twitter:data2\" content=\"9 minuti\" \/>\n<script type=\"application\/ld+json\" class=\"yoast-schema-graph\">{\"@context\":\"https:\\\/\\\/schema.org\",\"@graph\":[{\"@type\":\"Article\",\"@id\":\"https:\\\/\\\/www.avvocatobertaggia.com\\\/blog\\\/tutela-patrimoniale-e-sequestro-conservativo\\\/#article\",\"isPartOf\":{\"@id\":\"https:\\\/\\\/www.avvocatobertaggia.com\\\/blog\\\/tutela-patrimoniale-e-sequestro-conservativo\\\/\"},\"author\":{\"name\":\"Avv. Daniele Bertaggia\",\"@id\":\"https:\\\/\\\/www.avvocatobertaggia.com\\\/blog\\\/#\\\/schema\\\/person\\\/0bc74bfe28d66c6f5af334f86ed80b3e\"},\"headline\":\"Tutela patrimoniale e sequestro conservativo\",\"datePublished\":\"2020-02-07T09:19:18+00:00\",\"dateModified\":\"2023-07-28T07:02:46+00:00\",\"mainEntityOfPage\":{\"@id\":\"https:\\\/\\\/www.avvocatobertaggia.com\\\/blog\\\/tutela-patrimoniale-e-sequestro-conservativo\\\/\"},\"wordCount\":1507,\"publisher\":{\"@id\":\"https:\\\/\\\/www.avvocatobertaggia.com\\\/blog\\\/#organization\"},\"image\":{\"@id\":\"https:\\\/\\\/www.avvocatobertaggia.com\\\/blog\\\/tutela-patrimoniale-e-sequestro-conservativo\\\/#primaryimage\"},\"thumbnailUrl\":\"https:\\\/\\\/www.avvocatobertaggia.com\\\/blog\\\/wp-content\\\/uploads\\\/2017\\\/06\\\/Tutela-patrimoniale-e-sequestro-conservativo-1.jpg\",\"keywords\":[\"art. 2901 cc\",\"art. 671 c.p.c.\",\"avvocato bertaggia\",\"avvocato patrimonialista\",\"avvocato patrimonialista Ferrara\",\"avvocato patrimonialista Italia\",\"azione revocatoria\",\"azione revocatoria ordinaria\",\"azioni di disposizione\",\"beni immobili\",\"beni mobili\",\"consapevolezza del debitore\",\"cultura preventiva\",\"diritti patrimoniali\",\"donazione\",\"fondo patrimoniale\",\"garanzia generica\",\"misure di tutela\",\"patrimonio\",\"pregiudizio\",\"proteggere i beni\",\"protezione patrimoniale anticipata\",\"sequestro conservativo\",\"strumenti di tutela\",\"tutela del patrimonio\",\"tutela immobili\",\"tutela immobiliare\",\"tutela patrimoniale\"],\"articleSection\":[\"Civile\"],\"inLanguage\":\"it-IT\"},{\"@type\":\"WebPage\",\"@id\":\"https:\\\/\\\/www.avvocatobertaggia.com\\\/blog\\\/tutela-patrimoniale-e-sequestro-conservativo\\\/\",\"url\":\"https:\\\/\\\/www.avvocatobertaggia.com\\\/blog\\\/tutela-patrimoniale-e-sequestro-conservativo\\\/\",\"name\":\"Tutela patrimoniale e sequestro conservativo - Blog Bertaggia\",\"isPartOf\":{\"@id\":\"https:\\\/\\\/www.avvocatobertaggia.com\\\/blog\\\/#website\"},\"primaryImageOfPage\":{\"@id\":\"https:\\\/\\\/www.avvocatobertaggia.com\\\/blog\\\/tutela-patrimoniale-e-sequestro-conservativo\\\/#primaryimage\"},\"image\":{\"@id\":\"https:\\\/\\\/www.avvocatobertaggia.com\\\/blog\\\/tutela-patrimoniale-e-sequestro-conservativo\\\/#primaryimage\"},\"thumbnailUrl\":\"https:\\\/\\\/www.avvocatobertaggia.com\\\/blog\\\/wp-content\\\/uploads\\\/2017\\\/06\\\/Tutela-patrimoniale-e-sequestro-conservativo-1.jpg\",\"datePublished\":\"2020-02-07T09:19:18+00:00\",\"dateModified\":\"2023-07-28T07:02:46+00:00\",\"description\":\"Tutela patrimoniale e sequestro conservativo: come tutelare il proprio patrimonio, cosa fare per essere sicuri di salvaguardare i propri beni.\",\"inLanguage\":\"it-IT\",\"potentialAction\":[{\"@type\":\"ReadAction\",\"target\":[\"https:\\\/\\\/www.avvocatobertaggia.com\\\/blog\\\/tutela-patrimoniale-e-sequestro-conservativo\\\/\"]}]},{\"@type\":\"ImageObject\",\"inLanguage\":\"it-IT\",\"@id\":\"https:\\\/\\\/www.avvocatobertaggia.com\\\/blog\\\/tutela-patrimoniale-e-sequestro-conservativo\\\/#primaryimage\",\"url\":\"https:\\\/\\\/www.avvocatobertaggia.com\\\/blog\\\/wp-content\\\/uploads\\\/2017\\\/06\\\/Tutela-patrimoniale-e-sequestro-conservativo-1.jpg\",\"contentUrl\":\"https:\\\/\\\/www.avvocatobertaggia.com\\\/blog\\\/wp-content\\\/uploads\\\/2017\\\/06\\\/Tutela-patrimoniale-e-sequestro-conservativo-1.jpg\",\"width\":1200,\"height\":845,\"caption\":\"tutela patrimoniale e sequestro conservativo\"},{\"@type\":\"WebSite\",\"@id\":\"https:\\\/\\\/www.avvocatobertaggia.com\\\/blog\\\/#website\",\"url\":\"https:\\\/\\\/www.avvocatobertaggia.com\\\/blog\\\/\",\"name\":\"Avvocato Daniele Bertaggia Blog\",\"description\":\"News giuridiche, fiscali, finanziarie, penali, con riguardo al panorama internazionale.\",\"publisher\":{\"@id\":\"https:\\\/\\\/www.avvocatobertaggia.com\\\/blog\\\/#organization\"},\"potentialAction\":[{\"@type\":\"SearchAction\",\"target\":{\"@type\":\"EntryPoint\",\"urlTemplate\":\"https:\\\/\\\/www.avvocatobertaggia.com\\\/blog\\\/?s={search_term_string}\"},\"query-input\":{\"@type\":\"PropertyValueSpecification\",\"valueRequired\":true,\"valueName\":\"search_term_string\"}}],\"inLanguage\":\"it-IT\"},{\"@type\":\"Organization\",\"@id\":\"https:\\\/\\\/www.avvocatobertaggia.com\\\/blog\\\/#organization\",\"name\":\"Avvocato Bertaggia Blog\",\"url\":\"https:\\\/\\\/www.avvocatobertaggia.com\\\/blog\\\/\",\"logo\":{\"@type\":\"ImageObject\",\"inLanguage\":\"it-IT\",\"@id\":\"https:\\\/\\\/www.avvocatobertaggia.com\\\/blog\\\/#\\\/schema\\\/logo\\\/image\\\/\",\"url\":\"https:\\\/\\\/www.avvocatobertaggia.com\\\/blog\\\/wp-content\\\/uploads\\\/2020\\\/10\\\/logo-avvocato-bertaggia-blog.png\",\"contentUrl\":\"https:\\\/\\\/www.avvocatobertaggia.com\\\/blog\\\/wp-content\\\/uploads\\\/2020\\\/10\\\/logo-avvocato-bertaggia-blog.png\",\"width\":748,\"height\":150,\"caption\":\"Avvocato Bertaggia Blog\"},\"image\":{\"@id\":\"https:\\\/\\\/www.avvocatobertaggia.com\\\/blog\\\/#\\\/schema\\\/logo\\\/image\\\/\"},\"sameAs\":[\"https:\\\/\\\/www.facebook.com\\\/avvocatodaniele.bertaggia\",\"https:\\\/\\\/x.com\\\/Avv_Bertaggia\",\"https:\\\/\\\/www.instagram.com\\\/studiolegaleinternazionale_db\\\/\",\"https:\\\/\\\/www.linkedin.com\\\/in\\\/daniele-bertaggia-avvocato-internazionale\\\/\",\"https:\\\/\\\/www.youtube.com\\\/channel\\\/UCJ9a6WsXqvePkNFKYTWOs-g\"]},{\"@type\":\"Person\",\"@id\":\"https:\\\/\\\/www.avvocatobertaggia.com\\\/blog\\\/#\\\/schema\\\/person\\\/0bc74bfe28d66c6f5af334f86ed80b3e\",\"name\":\"Avv. Daniele Bertaggia\",\"image\":{\"@type\":\"ImageObject\",\"inLanguage\":\"it-IT\",\"@id\":\"https:\\\/\\\/www.avvocatobertaggia.com\\\/blog\\\/wp-content\\\/uploads\\\/2020\\\/10\\\/bertaggia-150x150.jpeg\",\"url\":\"https:\\\/\\\/www.avvocatobertaggia.com\\\/blog\\\/wp-content\\\/uploads\\\/2020\\\/10\\\/bertaggia-150x150.jpeg\",\"contentUrl\":\"https:\\\/\\\/www.avvocatobertaggia.com\\\/blog\\\/wp-content\\\/uploads\\\/2020\\\/10\\\/bertaggia-150x150.jpeg\",\"caption\":\"Avv. Daniele Bertaggia\"},\"description\":\"Avvocato dal 1993, Cassazionista dal 2009. Collaboro con imprenditori e professionisti nella pianificazione fiscale e nella creazione di societ\u00e0 estere. Mi occupo anche di penale internazionale ed italiano. Coadiuvo uno Studio con numerosi collaboratori professionisti, sia avvocati che commercialisti. Se hai una questione giuridica da risolvere, contattami, trover\u00f2 le risposte legali adeguate.\",\"sameAs\":[\"https:\\\/\\\/www.avvocatobertaggia.org\\\/\",\"https:\\\/\\\/www.facebook.com\\\/avvocatodaniele.bertaggia\",\"studiolegaleinternazionale_db\",\"https:\\\/\\\/www.linkedin.com\\\/in\\\/daniele-bertaggia-avvocato-internazionale\\\/\",\"https:\\\/\\\/x.com\\\/avv.bertaggia@avvocatobertaggia.com\",\"https:\\\/\\\/www.youtube.com\\\/c\\\/DanieleBertaggia-avvocato\"]}]}<\/script>\n<!-- \/ Yoast SEO plugin. -->","yoast_head_json":{"title":"Tutela patrimoniale e sequestro conservativo - Blog Bertaggia","description":"Tutela patrimoniale e sequestro conservativo: come tutelare il proprio patrimonio, cosa fare per essere sicuri di salvaguardare i propri beni.","robots":{"index":"index","follow":"follow","max-snippet":"max-snippet:-1","max-image-preview":"max-image-preview:large","max-video-preview":"max-video-preview:-1"},"canonical":"https:\/\/www.avvocatobertaggia.com\/blog\/tutela-patrimoniale-e-sequestro-conservativo\/","og_locale":"it_IT","og_type":"article","og_title":"Tutela patrimoniale e sequestro conservativo - Blog Bertaggia","og_description":"Tutela patrimoniale e sequestro conservativo: come tutelare il proprio patrimonio, cosa fare per essere sicuri di salvaguardare i propri beni.","og_url":"https:\/\/www.avvocatobertaggia.com\/blog\/tutela-patrimoniale-e-sequestro-conservativo\/","og_site_name":"Avvocato Daniele Bertaggia Blog","article_publisher":"https:\/\/www.facebook.com\/avvocatodaniele.bertaggia","article_author":"https:\/\/www.facebook.com\/avvocatodaniele.bertaggia","article_published_time":"2020-02-07T09:19:18+00:00","article_modified_time":"2023-07-28T07:02:46+00:00","og_image":[{"width":1200,"height":845,"url":"https:\/\/www.avvocatobertaggia.com\/blog\/wp-content\/uploads\/2017\/06\/Tutela-patrimoniale-e-sequestro-conservativo-1.jpg","type":"image\/jpeg"}],"author":"Avv. Daniele Bertaggia","twitter_card":"summary_large_image","twitter_creator":"@avv.bertaggia@avvocatobertaggia.com","twitter_site":"@Avv_Bertaggia","twitter_misc":{"Scritto da":"Avv. Daniele Bertaggia","Tempo di lettura stimato":"9 minuti"},"schema":{"@context":"https:\/\/schema.org","@graph":[{"@type":"Article","@id":"https:\/\/www.avvocatobertaggia.com\/blog\/tutela-patrimoniale-e-sequestro-conservativo\/#article","isPartOf":{"@id":"https:\/\/www.avvocatobertaggia.com\/blog\/tutela-patrimoniale-e-sequestro-conservativo\/"},"author":{"name":"Avv. Daniele Bertaggia","@id":"https:\/\/www.avvocatobertaggia.com\/blog\/#\/schema\/person\/0bc74bfe28d66c6f5af334f86ed80b3e"},"headline":"Tutela patrimoniale e sequestro conservativo","datePublished":"2020-02-07T09:19:18+00:00","dateModified":"2023-07-28T07:02:46+00:00","mainEntityOfPage":{"@id":"https:\/\/www.avvocatobertaggia.com\/blog\/tutela-patrimoniale-e-sequestro-conservativo\/"},"wordCount":1507,"publisher":{"@id":"https:\/\/www.avvocatobertaggia.com\/blog\/#organization"},"image":{"@id":"https:\/\/www.avvocatobertaggia.com\/blog\/tutela-patrimoniale-e-sequestro-conservativo\/#primaryimage"},"thumbnailUrl":"https:\/\/www.avvocatobertaggia.com\/blog\/wp-content\/uploads\/2017\/06\/Tutela-patrimoniale-e-sequestro-conservativo-1.jpg","keywords":["art. 2901 cc","art. 671 c.p.c.","avvocato bertaggia","avvocato patrimonialista","avvocato patrimonialista Ferrara","avvocato patrimonialista Italia","azione revocatoria","azione revocatoria ordinaria","azioni di disposizione","beni immobili","beni mobili","consapevolezza del debitore","cultura preventiva","diritti patrimoniali","donazione","fondo patrimoniale","garanzia generica","misure di tutela","patrimonio","pregiudizio","proteggere i beni","protezione patrimoniale anticipata","sequestro conservativo","strumenti di tutela","tutela del patrimonio","tutela immobili","tutela immobiliare","tutela patrimoniale"],"articleSection":["Civile"],"inLanguage":"it-IT"},{"@type":"WebPage","@id":"https:\/\/www.avvocatobertaggia.com\/blog\/tutela-patrimoniale-e-sequestro-conservativo\/","url":"https:\/\/www.avvocatobertaggia.com\/blog\/tutela-patrimoniale-e-sequestro-conservativo\/","name":"Tutela patrimoniale e sequestro conservativo - Blog Bertaggia","isPartOf":{"@id":"https:\/\/www.avvocatobertaggia.com\/blog\/#website"},"primaryImageOfPage":{"@id":"https:\/\/www.avvocatobertaggia.com\/blog\/tutela-patrimoniale-e-sequestro-conservativo\/#primaryimage"},"image":{"@id":"https:\/\/www.avvocatobertaggia.com\/blog\/tutela-patrimoniale-e-sequestro-conservativo\/#primaryimage"},"thumbnailUrl":"https:\/\/www.avvocatobertaggia.com\/blog\/wp-content\/uploads\/2017\/06\/Tutela-patrimoniale-e-sequestro-conservativo-1.jpg","datePublished":"2020-02-07T09:19:18+00:00","dateModified":"2023-07-28T07:02:46+00:00","description":"Tutela patrimoniale e sequestro conservativo: come tutelare il proprio patrimonio, cosa fare per essere sicuri di salvaguardare i propri beni.","inLanguage":"it-IT","potentialAction":[{"@type":"ReadAction","target":["https:\/\/www.avvocatobertaggia.com\/blog\/tutela-patrimoniale-e-sequestro-conservativo\/"]}]},{"@type":"ImageObject","inLanguage":"it-IT","@id":"https:\/\/www.avvocatobertaggia.com\/blog\/tutela-patrimoniale-e-sequestro-conservativo\/#primaryimage","url":"https:\/\/www.avvocatobertaggia.com\/blog\/wp-content\/uploads\/2017\/06\/Tutela-patrimoniale-e-sequestro-conservativo-1.jpg","contentUrl":"https:\/\/www.avvocatobertaggia.com\/blog\/wp-content\/uploads\/2017\/06\/Tutela-patrimoniale-e-sequestro-conservativo-1.jpg","width":1200,"height":845,"caption":"tutela patrimoniale e sequestro conservativo"},{"@type":"WebSite","@id":"https:\/\/www.avvocatobertaggia.com\/blog\/#website","url":"https:\/\/www.avvocatobertaggia.com\/blog\/","name":"Avvocato Daniele Bertaggia Blog","description":"News giuridiche, fiscali, finanziarie, penali, con riguardo al panorama internazionale.","publisher":{"@id":"https:\/\/www.avvocatobertaggia.com\/blog\/#organization"},"potentialAction":[{"@type":"SearchAction","target":{"@type":"EntryPoint","urlTemplate":"https:\/\/www.avvocatobertaggia.com\/blog\/?s={search_term_string}"},"query-input":{"@type":"PropertyValueSpecification","valueRequired":true,"valueName":"search_term_string"}}],"inLanguage":"it-IT"},{"@type":"Organization","@id":"https:\/\/www.avvocatobertaggia.com\/blog\/#organization","name":"Avvocato Bertaggia Blog","url":"https:\/\/www.avvocatobertaggia.com\/blog\/","logo":{"@type":"ImageObject","inLanguage":"it-IT","@id":"https:\/\/www.avvocatobertaggia.com\/blog\/#\/schema\/logo\/image\/","url":"https:\/\/www.avvocatobertaggia.com\/blog\/wp-content\/uploads\/2020\/10\/logo-avvocato-bertaggia-blog.png","contentUrl":"https:\/\/www.avvocatobertaggia.com\/blog\/wp-content\/uploads\/2020\/10\/logo-avvocato-bertaggia-blog.png","width":748,"height":150,"caption":"Avvocato Bertaggia Blog"},"image":{"@id":"https:\/\/www.avvocatobertaggia.com\/blog\/#\/schema\/logo\/image\/"},"sameAs":["https:\/\/www.facebook.com\/avvocatodaniele.bertaggia","https:\/\/x.com\/Avv_Bertaggia","https:\/\/www.instagram.com\/studiolegaleinternazionale_db\/","https:\/\/www.linkedin.com\/in\/daniele-bertaggia-avvocato-internazionale\/","https:\/\/www.youtube.com\/channel\/UCJ9a6WsXqvePkNFKYTWOs-g"]},{"@type":"Person","@id":"https:\/\/www.avvocatobertaggia.com\/blog\/#\/schema\/person\/0bc74bfe28d66c6f5af334f86ed80b3e","name":"Avv. Daniele Bertaggia","image":{"@type":"ImageObject","inLanguage":"it-IT","@id":"https:\/\/www.avvocatobertaggia.com\/blog\/wp-content\/uploads\/2020\/10\/bertaggia-150x150.jpeg","url":"https:\/\/www.avvocatobertaggia.com\/blog\/wp-content\/uploads\/2020\/10\/bertaggia-150x150.jpeg","contentUrl":"https:\/\/www.avvocatobertaggia.com\/blog\/wp-content\/uploads\/2020\/10\/bertaggia-150x150.jpeg","caption":"Avv. Daniele Bertaggia"},"description":"Avvocato dal 1993, Cassazionista dal 2009. Collaboro con imprenditori e professionisti nella pianificazione fiscale e nella creazione di societ\u00e0 estere. Mi occupo anche di penale internazionale ed italiano. Coadiuvo uno Studio con numerosi collaboratori professionisti, sia avvocati che commercialisti. Se hai una questione giuridica da risolvere, contattami, trover\u00f2 le risposte legali adeguate.","sameAs":["https:\/\/www.avvocatobertaggia.org\/","https:\/\/www.facebook.com\/avvocatodaniele.bertaggia","studiolegaleinternazionale_db","https:\/\/www.linkedin.com\/in\/daniele-bertaggia-avvocato-internazionale\/","https:\/\/x.com\/avv.bertaggia@avvocatobertaggia.com","https:\/\/www.youtube.com\/c\/DanieleBertaggia-avvocato"]}]}},"_links":{"self":[{"href":"https:\/\/www.avvocatobertaggia.com\/blog\/wp-json\/wp\/v2\/posts\/36528","targetHints":{"allow":["GET"]}}],"collection":[{"href":"https:\/\/www.avvocatobertaggia.com\/blog\/wp-json\/wp\/v2\/posts"}],"about":[{"href":"https:\/\/www.avvocatobertaggia.com\/blog\/wp-json\/wp\/v2\/types\/post"}],"author":[{"embeddable":true,"href":"https:\/\/www.avvocatobertaggia.com\/blog\/wp-json\/wp\/v2\/users\/2"}],"replies":[{"embeddable":true,"href":"https:\/\/www.avvocatobertaggia.com\/blog\/wp-json\/wp\/v2\/comments?post=36528"}],"version-history":[{"count":6,"href":"https:\/\/www.avvocatobertaggia.com\/blog\/wp-json\/wp\/v2\/posts\/36528\/revisions"}],"predecessor-version":[{"id":42784,"href":"https:\/\/www.avvocatobertaggia.com\/blog\/wp-json\/wp\/v2\/posts\/36528\/revisions\/42784"}],"wp:featuredmedia":[{"embeddable":true,"href":"https:\/\/www.avvocatobertaggia.com\/blog\/wp-json\/wp\/v2\/media\/38977"}],"wp:attachment":[{"href":"https:\/\/www.avvocatobertaggia.com\/blog\/wp-json\/wp\/v2\/media?parent=36528"}],"wp:term":[{"taxonomy":"category","embeddable":true,"href":"https:\/\/www.avvocatobertaggia.com\/blog\/wp-json\/wp\/v2\/categories?post=36528"},{"taxonomy":"post_tag","embeddable":true,"href":"https:\/\/www.avvocatobertaggia.com\/blog\/wp-json\/wp\/v2\/tags?post=36528"}],"curies":[{"name":"wp","href":"https:\/\/api.w.org\/{rel}","templated":true}]}}