{"id":38900,"date":"2019-12-21T20:10:20","date_gmt":"2019-12-21T20:10:20","guid":{"rendered":"http:\/\/www.avvocatobertaggia.com\/blog\/?p=38900"},"modified":"2025-04-13T10:03:55","modified_gmt":"2025-04-13T10:03:55","slug":"decreto-fiscale-2019","status":"publish","type":"post","link":"https:\/\/www.avvocatobertaggia.com\/blog\/decreto-fiscale-2019\/","title":{"rendered":"Decreto fiscale 2019"},"content":{"rendered":"<h1 style=\"text-align: center;\"><span class=\"ez-toc-section\" id=\"decreto-fiscale-2019\"><\/span><strong>DECRETO FISCALE 2019<\/strong><span class=\"ez-toc-section-end\"><\/span><\/h1><div id=\"ez-toc-container\" class=\"ez-toc-v2_0_82_2 counter-hierarchy ez-toc-counter ez-toc-custom ez-toc-container-direction\">\n<div class=\"ez-toc-title-container\">\n<p class=\"ez-toc-title\" style=\"cursor:inherit\">Contenuti dell&#039;articolo<\/p>\n<span class=\"ez-toc-title-toggle\"><a href=\"#\" class=\"ez-toc-pull-right ez-toc-btn ez-toc-btn-xs ez-toc-btn-default ez-toc-toggle\" aria-label=\"Toggle Table of Content\"><span class=\"ez-toc-js-icon-con\"><span class=\"\"><span class=\"eztoc-hide\" style=\"display:none;\">Toggle<\/span><span class=\"ez-toc-icon-toggle-span\"><svg style=\"fill: #000000;color:#000000\" xmlns=\"http:\/\/www.w3.org\/2000\/svg\" class=\"list-377408\" width=\"20px\" height=\"20px\" viewBox=\"0 0 24 24\" fill=\"none\"><path d=\"M6 6H4v2h2V6zm14 0H8v2h12V6zM4 11h2v2H4v-2zm16 0H8v2h12v-2zM4 16h2v2H4v-2zm16 0H8v2h12v-2z\" fill=\"currentColor\"><\/path><\/svg><svg style=\"fill: #000000;color:#000000\" class=\"arrow-unsorted-368013\" xmlns=\"http:\/\/www.w3.org\/2000\/svg\" width=\"10px\" height=\"10px\" viewBox=\"0 0 24 24\" version=\"1.2\" baseProfile=\"tiny\"><path d=\"M18.2 9.3l-6.2-6.3-6.2 6.3c-.2.2-.3.4-.3.7s.1.5.3.7c.2.2.4.3.7.3h11c.3 0 .5-.1.7-.3.2-.2.3-.5.3-.7s-.1-.5-.3-.7zM5.8 14.7l6.2 6.3 6.2-6.3c.2-.2.3-.5.3-.7s-.1-.5-.3-.7c-.2-.2-.4-.3-.7-.3h-11c-.3 0-.5.1-.7.3-.2.2-.3.5-.3.7s.1.5.3.7z\"\/><\/svg><\/span><\/span><\/span><\/a><\/span><\/div>\n<nav><ul class='ez-toc-list ez-toc-list-level-1 eztoc-toggle-hide-by-default' ><li class='ez-toc-page-1 ez-toc-heading-level-1'><a class=\"ez-toc-link ez-toc-heading-1\" href=\"https:\/\/www.avvocatobertaggia.com\/blog\/decreto-fiscale-2019\/#decreto-fiscale-2019\" >DECRETO FISCALE 2019<\/a><ul class='ez-toc-list-level-3' ><li class='ez-toc-heading-level-3'><ul class='ez-toc-list-level-3' ><li class='ez-toc-heading-level-3'><a class=\"ez-toc-link ez-toc-heading-2\" href=\"https:\/\/www.avvocatobertaggia.com\/blog\/decreto-fiscale-2019\/#info-line-decreto-fiscale-2019-390532240071\" >INFO LINE DECRETO FISCALE 2019 +390532240071<\/a><ul class='ez-toc-list-level-4' ><li class='ez-toc-heading-level-4'><a class=\"ez-toc-link ez-toc-heading-3\" href=\"https:\/\/www.avvocatobertaggia.com\/blog\/decreto-fiscale-2019\/#il-decreto-legge\" >Il Decreto-legge<\/a><\/li><li class='ez-toc-page-1 ez-toc-heading-level-4'><a class=\"ez-toc-link ez-toc-heading-4\" href=\"https:\/\/www.avvocatobertaggia.com\/blog\/decreto-fiscale-2019\/#decreto-fiscale-2019-le-principali-misure-fiscali\" >DECRETO FISCALE 2019: LE PRINCIPALI MISURE FISCALI<\/a><\/li><\/ul><\/li><\/ul><\/li><\/ul><\/li><\/ul><\/nav><\/div>\n\n<h3 style=\"text-align: center;\"><span class=\"ez-toc-section\" id=\"info-line-decreto-fiscale-2019-390532240071\"><\/span><strong>INFO LINE DECRETO FISCALE 2019 <\/strong><a href=\"tel:+390532240071\"><span style=\"color: #ff0000;\"><strong>+390532240071<\/strong><\/span><\/a><span class=\"ez-toc-section-end\"><\/span><\/h3>\n<p><img decoding=\"async\" class=\"size-full wp-image-40875 aligncenter lazyload\" data-src=\"https:\/\/www.avvocatobertaggia.com\/blog\/wp-content\/uploads\/2014\/12\/24ore.png\" alt=\"avvocati sole 24ore\" width=\"155\" height=\"70\" src=\"data:image\/svg+xml;base64,PHN2ZyB3aWR0aD0iMSIgaGVpZ2h0PSIxIiB4bWxucz0iaHR0cDovL3d3dy53My5vcmcvMjAwMC9zdmciPjwvc3ZnPg==\" style=\"--smush-placeholder-width: 155px; --smush-placeholder-aspect-ratio: 155\/70;\" \/><\/p>\n<p style=\"text-align: justify;\">Il Decreto legge 26.10.2019, n. 124, cosiddetto \u201cDecreto fiscale 2019\u201d, \u00e8 stato approvato definitivamente. In sede di conversione sono state apportate numerose modifiche al testo originario del decreto. Molte le modifiche di favore: estensione del ravvedimento, fiscalit\u00e0 ridotta per gli \u201cimpatriati\u201d, semplificazioni negli adempimenti. Confermata per contro l\u2019interpretazione che esclude la cumulabilit\u00e0 del conto energia con la Tremonti ambientale.<\/p>\n<h4 style=\"text-align: center;\"><span class=\"ez-toc-section\" id=\"il-decreto-legge\"><\/span><strong>Il Decreto-legge<\/strong><span class=\"ez-toc-section-end\"><\/span><\/h4>\n<p style=\"text-align: justify;\">Il Decreto-legge 26.10.2019, n. 124, cosiddetto \u201cDecreto fiscale 2019\u201d, contenente \u201cDisposizioni urgenti in materia fiscale e per esigenze indifferibili\u201d, \u00e8 stato approvato definitivamente e convertito in legge.<\/p>\n<p style=\"text-align: justify;\">Si tratta del provvedimento che compone, insieme alla Legge di stabilit\u00e0, in corso di approvazione, la manovra finanziaria 2020.<\/p>\n<h4 style=\"text-align: center;\"><span class=\"ez-toc-section\" id=\"decreto-fiscale-2019-le-principali-misure-fiscali\"><\/span><strong>DECRETO FISCALE 2019: LE PRINCIPALI MISURE FISCALI<\/strong><span class=\"ez-toc-section-end\"><\/span><\/h4>\n<p><strong>Estensione del ravvedimento operoso<\/strong> (art. 10-bis)<\/p>\n<p style=\"text-align: justify;\">Viene abrogato il comma 1-bis dell\u2019articolo 13 D. Lgs. 472\/1997, che limitava il ravvedimento operoso in versione estesa solo ai tributi amministrati dall\u2019Agenzia delle Entrate e dall\u2019Agenzia delle Dogane e Monopoli. Ne deriva che tutta la disciplina del ravvedimento prevista dall\u2019art. 13, D.Lgs. n. 472\/1997 si applica anche ai tributi locali (es. IMU e TASI), compreso il ravvedimento nei 2 anni (art. 13 c. 1 lett. b-bis), oltre i 2 anni (art. 13 c. 1 lett. b-ter) e dopo il pvc (art. 13 c. 1 lett. b-quater).<\/p>\n<p><strong>Rientro dei cervelli<\/strong> (articolo 13 ter, introdotto in sede di conversione)<\/p>\n<p style=\"text-align: justify;\">A partire dal periodo d\u2019imposta in corso (2019), ai soggetti che a decorrere dal 30 aprile 2019 trasferiscono la residenza in Italia e risultano beneficiari del regime sugli impatriati, si applicano le disposizioni contenute nel decreto Crescita (D.L. n. 34\/2019) e pertanto per 5 anni di imposta \u00e8 imponibile ai fini delle imposte sui redditi solo il 30% del reddito derivante da attivit\u00e0 lavorativa. Se poi la residenza viene trasferita nel Sud Italia, \u00e8 imponibile solo il 10% del reddito.<\/p>\n<p style=\"text-align: justify;\">Il regime di favore viene prorogato di 5 anni se il lavoratore ha un figlio minorenne o acquista una casa in Italia dopo aver spostato la residenza.<\/p>\n<p style=\"text-align: justify;\">Occorre che i lavoratori non siano stati residenti in Italia nei 2 periodi d&#8217;imposta precedenti il trasferimento e devono risiedere in Italia per almeno 2 anni. L\u2019&#8217;attivit\u00e0 lavorativa deve essere prestata prevalentemente nel territorio italiano.<\/p>\n<p><strong>Dichiarazione IVA Precompilata<\/strong> (articolo 16)<\/p>\n<p style=\"text-align: justify;\">Confermate le facilitazioni per i contribuenti ai fini degli adempimenti. In via sperimentale, l&#8217;Agenzia delle entrate mette a disposizione dei soggetti passivi dell&#8217;IVA residenti e stabiliti in Italia, in apposita area riservata del sito internet dell&#8217;Agenzia stessa, le bozze dei seguenti documenti:<\/p>\n<p style=\"text-align: justify;\">a) registri Iva e comunicazioni delle liquidazioni periodiche dell\u2019IVA (a partire dalle operazioni IVA effettuate dal 1\u00b0 luglio 2020);<\/p>\n<p style=\"text-align: justify;\">b) la bozza della dichiarazione annuale dell\u2019IVA, a partire dalle operazioni IVA 2021.<\/p>\n<p style=\"text-align: justify;\"><strong>Esterometro<\/strong> (articolo 16)<\/p>\n<p style=\"text-align: justify;\">La comunicazione dei dati relativi alle operazioni di cessione di beni e di prestazione di servizi effettuate e ricevute verso e da soggetti non stabiliti nel territorio dello Stato dati delle operazioni con l\u2019estero (cosiddetto \u201cesterometro\u201d) diventa trimestrale anzich\u00e9 mensile, con effetto dalla data di entrata in vigore della norma.<\/p>\n<p style=\"text-align: justify;\"><strong>Imposta di bollo sulle fatture elettroniche<\/strong> (articolo 17)<\/p>\n<p style=\"text-align: justify;\">In caso di omesso, insufficiente o tardivo versamento dell\u2019imposta di bollo dovuta sulle fatture elettroniche inviate tramite il Sistema di interscambio, l\u2019amministrazione finanziaria comunichi con modalit\u00e0 telematiche al contribuente l\u2019ammontare dell\u2019imposta da versare nonch\u00e9 delle sanzioni per tardivo versamento e degli interessi. Qualora il contribuente non provveda al versamento, in tutto in parte, delle somme comunicate nel termine di 30 giorni dalla ricezione della comunicazione, l\u2019ufficio dell\u2019Agenzia delle entrate provvede all\u2019iscrizione a ruolo degli importi non versati.<\/p>\n<p style=\"text-align: justify;\">In sede di conversione \u00e8 stato previsto che, al fine di semplificare e ridurre gli adempimenti dei contribuenti, nel caso in cui gli importi dovuti non superino il limite annuo di 1.000 euro, l\u2019obbligo di versamento dell\u2019imposta di bollo sulle fatture elettroniche pu\u00f2 essere assolto con due versamenti semestrali (entro il 16 giugno ed entro il 16 dicembre), anzich\u00e9 trimestralmente.<\/p>\n<p><strong>Credito d&#8217;imposta su commissioni pagamenti elettronici<\/strong> (articolo 22)<\/p>\n<p style=\"text-align: justify;\">Il credito d\u2019imposta, pari al 30% delle commissioni addebitate per le transazioni effettuate mediante carta di credito, debito o prepagata, spetter\u00e0:<\/p>\n<p style=\"text-align: justify;\">&#8211; sulle commissioni dovute in relazione alle cessioni rese nei confronti dei consumatori privati dal 1\u00b0 luglio 2020 (dalla stessa data a decorrere dalla quale la mancata accettazione di pagamenti, di qualsiasi importo, con carte elettroniche, sar\u00e0 sanzionata con un importo di 30 euro, aumentato del 4% del valore della transazione per la quale sia stata rifiutata l\u2019accettazione del pagamento);<\/p>\n<p style=\"text-align: justify;\">&#8211; a condizione che i ricavi e compensi relativi all\u2019anno d\u2019imposta precedente siano di ammontare non superiore a 400.000 euro;<\/p>\n<p style=\"text-align: justify;\">&#8211; sar\u00e0 utilizzabile esclusivamente in compensazione, ai sensi dell&#8217;articolo 17 del decreto legislativo 9 luglio 1997, n. 241, a decorrere dal mese successivo a quello di sostenimento della spesa e dovr\u00e0 essere indicato nella dichiarazione dei redditi relativa al periodo d&#8217;imposta di maturazione del credito e nelle dichiarazioni dei redditi relative ai periodi d&#8217;imposta successivi fino a quello nel quale se ne conclude l&#8217;utilizzo.<\/p>\n<p style=\"text-align: justify;\">Gli operatori che mettono a disposizione degli esercenti i sistemi di pagamento di cui sopra dovranno trasmettere telematicamente all&#8217;Agenzia delle entrate le informazioni necessarie a controllare la spettanza del credito d&#8217;imposta.<\/p>\n<p><strong>Dividendi alle societ\u00e0 semplici<\/strong> (art. 32-quater)<\/p>\n<p style=\"text-align: justify;\">Eliminata la doppia imposizione sui dividendi distribuiti alle societ\u00e0 semplici.<\/p>\n<p style=\"text-align: justify;\">I dividendi corrisposti alla societ\u00e0 semplice si intendono percepiti per trasparenza dai rispettivi soci con conseguente applicazione del corrispondente regime fiscale.<\/p>\n<p style=\"text-align: justify;\">Gli utili distribuiti alle societ\u00e0 semplici, in qualsiasi forma e sotto qualsiasi denominazione:<\/p>\n<p style=\"text-align: justify;\">&#8211; per la quota imputabile a soggetti IRES tenuti all\u2019applicazione della norma sulla tassazione dei dividendi e interessi (art. 89 TUIR), sono esclusi dalla formazione del reddito complessivo per il 95% del loro ammontare;<\/p>\n<p style=\"text-align: justify;\">&#8211; per la quota imputabile a soggetti tenuti all\u2019applicazione della norma sui dividendi per le imprese individuali (art. 59 TUIR) sono esclusi dalla formazione del reddito complessivo, nella misura del 41,86% del loro ammontare, nell\u2019esercizio in cui sono percepiti;<\/p>\n<p style=\"text-align: justify;\">&#8211; per la quota imputabile alle persone fisiche residenti in relazione a partecipazioni, qualificate e non qualificate, non relative all\u2019impresa, sono soggetti a tassazione con applicazione di una ritenuta a titolo d\u2019imposta nella misura del 26% (art. 27, comma 1, D.P.R. n. 600\/1973). In tal caso, la ritenuta \u00e8 operata sulla base delle informazioni fornite dalla societ\u00e0 semplice.<\/p>\n<p><strong>Sospensione adempimenti connessi ad eventi sismici<\/strong> (articolo 33)<\/p>\n<p style=\"text-align: justify;\">I soggetti di cui all&#8217;articolo 1 del D.M. 25.1.2019, aventi alla data del 26.12.2018 la residenza, ovvero, la sede legale o la sede operativa nel territorio dei Comuni di Aci Bonaccorsi, Aci Catena, Aci Sant&#8217;Antonio, Acireale, Milo, Santa Venerina, Trecastagni, Viagrande e Zafferana Etnea, che hanno usufruito della sospensione dei termini dei versamenti tributari scadenti nel periodo dal 26.12.2018 al 30.9.2019, eseguono i predetti versamenti, senza applicazione di sanzioni e interessi, in unica soluzione entro il 16.1.2020, ovvero, a decorrere dalla stessa data, mediante rateizzazione fino a un massimo di diciotto rate mensili di pari importo da versare entro il 16 di ogni mese.<\/p>\n<p style=\"text-align: justify;\">Gli adempimenti tributari, diversi dai versamenti, non eseguiti per effetto della sospensione, sono effettuati entro il mese di gennaio 2020.<\/p>\n<p style=\"text-align: justify;\">Con tale norma si proroga il termine di ripresa della riscossione per i predetti soggetti, che hanno beneficiato della sospensione nel periodo compreso tra il 26.12.2018 e il 30.9.2019. In particolare, si stabilisce che la ripresa della riscossione avviene, senza applicazione di sanzioni e interessi, in unica soluzione entro il 16 gennaio 2020, ovvero, a decorrere dalla stessa data, mediante rateizzazione fino a un massimo di diciotto rate mensili di pari importo da versare entro il 16 di ogni mese. Gli adempimenti tributari, diversi dai versamenti, non eseguiti per effetto della sospensione, sono effettuati entro il mese di gennaio 2020.<\/p>\n<p><strong>Modifiche all&#8217;articolo 96 del TUIR<\/strong> (articolo 35)<\/p>\n<p style=\"text-align: justify;\">Confermata la sostituzione del comma 11 dell\u2019articolo 96 Tuir, in materia di limiti di deducibilit\u00e0 degli interessi passivi ed esclusione da tale ambito delle \u201csociet\u00e0 di progetto\u201d.<\/p>\n<p style=\"text-align: justify;\">Articolo 96, comma 11, Tuir (previgente)<\/p>\n<p style=\"text-align: justify;\">Articolo 96, comma 11, Tuir (modificato)<\/p>\n<p style=\"text-align: justify;\">11. Ai fini dei commi da 8 a 10, per progetto infrastrutturale pubblico a lungo termine si intende il progetto rientrante tra quelli cui si applicano le disposizioni della Parte V del decreto legislativo 18 aprile 2016, n. 50.<\/p>\n<p style=\"text-align: justify;\"><span style=\"color: #000000;\">&#8220;<\/span><span style=\"color: #ff0000;\"><span style=\"color: #000000;\">11. Ai fini dei commi da 8 a 10<\/span><\/span><span style=\"color: #000000;\">:<\/span><\/p>\n<p style=\"text-align: justify;\">a) per progetto infrastrutturale pubblico a lungo termine si intende il progetto rientrante tra quelli cui si applicano le disposizioni della Parte V del decreto legislativo 8 aprile 2016, n. 50;<\/p>\n<p style=\"text-align: justify;\">b) nel caso di costituzione di una societ\u00e0 di progetto strumentale alla segregazione patrimoniale rispetto ad attivit\u00e0 e passivit\u00e0 non afferenti al progetto infrastrutturale medesimo sono integralmente deducibili gli interessi passivi e oneri finanziari relativi ai prestiti stipulati dalla societ\u00e0 di progetto anche qualora assistiti da garanzie diverse da quelle di cui al comma 8, lettera a) utilizzati per finanziare progetti infrastrutturali pubblici di cui alle Parti III, IV e V, del decreto legislativo 18 aprile 2016, n. 50.&#8221;<\/p>\n<p style=\"text-align: justify;\">La modifica mira definire, con specifico riferimento alle societ\u00e0 di progetto, l\u2019ambito oggettivo di esclusione dai limiti di deducibilit\u00e0 contenuti nell\u2019articolo 96 del TUIR degli interessi passivi relativi a prestiti utilizzati per finanziare progetti infrastrutturali pubblici a lungo termine: si stabilisce che le societ\u00e0 di progetto possono dedurre integralmente gli interessi passivi e gli oneri finanziari anche se relativi a prestiti assistiti da garanzie diverse da quelle strettamente previste dalla lettera a) del comma 8 dell\u2019articolo 96 del TUIR (secondo cui i prestiti devono essere garantiti da beni appartenenti al gestore del progetto afferenti al progetto stesso) utilizzati per finanziare progetti infrastrutturali pubblici, non solo rientranti nella parte V del Codice degli appalti, ma anche nelle Parti III e IV dello stesso Codice concernenti i contratti di concessione e di partenariato pubblico privato.<\/p>\n<p><strong>Incentivi Conto Energia e non cumulabilit\u00e0 con agevolazione Tremonti ambientale<\/strong> (articolo 36)<\/p>\n<p style=\"text-align: justify;\">Conferma la linea interpretativa nel senso del divieto di cumulo.<\/p>\n<p style=\"text-align: justify;\">Tale intervento normativo trae origine dal comunicato stampa del 22 novembre 2017 con il quale il Gestore dei Servizi Energetici (GSE) ha chiarito che la detassazione di cui alla \u201cTremonti ambiente\u201d (detassazione fiscale di cui all\u2019articolo 6, commi da 13 a 19, della legge 23 dicembre 2000, n. 388) non \u00e8 cumulabile in alcuna misura con le tariffe incentivanti spettanti ai sensi del III, IV e V Conto Energia.<\/p>\n<p style=\"text-align: justify;\">E dunque, in considerazione di tale divieto di cumulo, il soggetto che intenda continuare a godere delle tariffe incentivanti del III, IV e V Conto Energia, deve rinunciare al beneficio fiscale goduto con la detassazione di cui alla \u201cTremonti ambiente\u201d. Nel dettaglio, deve essere di fatto \u201criversata\u201d l\u2019imposta a suo tempo risparmiata, e cio\u00e8 deve essere versata una somma parametrata alla variazione in diminuzione effettuata in dichiarazione dei redditi.<\/p>\n<p style=\"text-align: justify;\">I soggetti che intendono avvalersi della citata definizione devono:<\/p>\n<p style=\"text-align: justify;\">&#8211; presentare una apposita comunicazione all&#8217;Agenzia delle entrate le cui modalit\u00e0 e il cui contenuto sono stabiliti con provvedimento del Direttore dell&#8217;Agenzia medesima (che dovrebbe essere emanato entro 60 giorni dall\u2019entrata in vigore della legge di conversione del Decreto fiscale);<\/p>\n<p style=\"text-align: justify;\">&#8211; e provvedere al pagamento degli importi dovuti entro il termine del 30 giugno 2020.<\/p>\n<p style=\"text-align: justify;\">Il perfezionamento della definizione comporta l\u2019estinzione di eventuali giudizi pendenti aventi ad oggetto il recupero delle agevolazioni non spettanti.<\/p>\n<p style=\"text-align: justify;\">Resta ferma la facolt\u00e0 di agire in giudizio a tutela dei propri diritti per coloro che non ritengono di avvalersi della facolt\u00e0 di definizione ora introdotta.<\/p>\n<p><strong>Riapertura del termine di pagamento della prima rata della definizione agevolata ex art. 3 D.L. 119\/2018<\/strong> (articolo 37)<\/p>\n<p>La scadenza di pagamento del 31 luglio 2019 prevista dall&#8217;articolo 3, comma 2, lettere a) e b), 21, 22, 23 e 24, del D.L. 23.10.2018, n. 119, convertito, con modificazioni, dalla legge 17 dicembre 2018, n. 136, \u00e8 fissata al 30 novembre 2019.<\/p>\n<p>L\u2019intervento normativo \u00e8 volto ad evitare disparit\u00e0 di trattamento tra:<\/p>\n<ul>\n<li>i debitori che hanno tempestivamente presentato la propria dichiarazione di adesione alla c.d. \u201crottamazione-ter\u201d entro il 30 aprile 2019 \u2013 ovvero che provengono dalla c.d. \u201crottamazione-bis\u201d o siano stati colpiti dagli eventi sismici verificatisi nel 2016 nell\u2019Italia Centrale \u2013<\/li>\n<li>e quelli che hanno fruito della riapertura del termine di relativa presentazione alla data al 31 luglio 2019.<\/li>\n<\/ul>\n<p>Infatti, per i primi il pagamento delle somme dovute avrebbe dovuto essere effettuato in unica soluzione, entro il 31 luglio 2019, ovvero nel numero massimo di rate consecutive prescelte, la prima delle quali scadente alla stessa data. I secondi, viceversa, pur avendo aderito successivamente alla definizione agevolata, pagheranno la prima o unica rata entro il 30 novembre 2019.<\/p>\n<p>La disposizione in commento unifica la scadenza, fissando per tutti il termine di pagamento della prima o unica rata al 30 novembre 2019.<\/p>\n<p><strong>Compensazione debiti fiscali-crediti PA<\/strong> (articolo 37)<\/p>\n<p>\u00c8 estesa agli anni 2019 e 2020 la possibilit\u00e0 di compensare i crediti certificati e vantati nei confronti di Pubbliche Amministrazioni con i debiti tributari.<\/p>\n<p><strong>Imposta immobiliare sulle piattaforme marine<\/strong> (articolo 38)<\/p>\n<p>A decorrere dall&#8217;anno 2020 \u00e8 istituita l&#8217;imposta immobiliare sulle piattaforme marine (IMPi) in sostituzione di ogni altra imposizione immobiliare locale ordinaria sugli stessi manufatti (un\u2019imposta ad hoc, anche se il criterio di determinazione della base imponibile \u00e8 quello previsto dalla disciplina ICI e valido per l\u2019IMU, cos\u00ec come l\u2019aliquota di imposta pari al 10,6 per mille \u00e8 identica all\u2019aliquota IMU).<\/p>\n<p>Per piattaforma marina si intende la piattaforma con struttura emersa destinata alla coltivazione di idrocarburi e sita entro i limiti del mare territoriale come individuato dall&#8217;articolo 2 del Codice della Navigazione.<\/p>\n<p><img decoding=\"async\" class=\"size-medium wp-image-38444 aligncenter lazyload\" data-src=\"https:\/\/www.avvocatobertaggia.com\/blog\/wp-content\/uploads\/2015\/11\/contact-telefono-300x101.jpg\" alt=\"\" width=\"300\" height=\"101\" data-srcset=\"https:\/\/www.avvocatobertaggia.com\/blog\/wp-content\/uploads\/2015\/11\/contact-telefono-300x101.jpg 300w, https:\/\/www.avvocatobertaggia.com\/blog\/wp-content\/uploads\/2015\/11\/contact-telefono.jpg 762w\" data-sizes=\"(max-width: 300px) 100vw, 300px\" src=\"data:image\/svg+xml;base64,PHN2ZyB3aWR0aD0iMSIgaGVpZ2h0PSIxIiB4bWxucz0iaHR0cDovL3d3dy53My5vcmcvMjAwMC9zdmciPjwvc3ZnPg==\" style=\"--smush-placeholder-width: 300px; --smush-placeholder-aspect-ratio: 300\/101;\" \/><\/p>\n<p style=\"text-align: center;\"><strong>INFO LINE DECRETO FISCALE 2019 <\/strong><span style=\"color: #ff0000;\"><a style=\"color: #ff0000;\" href=\"tel:+390532240071\"><strong>+390532240071<\/strong><\/a><\/span><\/p>\n<p style=\"text-align: center;\"><div class=\"su-button-center\"><a href=\"https:\/\/live.vcita.com\/site\/avvocatobertaggia\/online-scheduling?service=u923xu3ml8a099ns\" class=\"su-button su-button-style-default su-button-wide\" style=\"color:#FFFFFF;background-color:#ef2d4a;border-color:#c0243c;border-radius:7px\" target=\"_self\"><span style=\"color:#FFFFFF;padding:7px 20px;font-size:16px;line-height:24px;border-color:#f46c81;border-radius:7px;text-shadow:none\"><i class=\"sui sui-balance-scale\" style=\"font-size:16px;color:#FFFFFF\"><\/i> Per informazioni su manovra fiscale 2019, contattaci ora! Clicca<\/span><\/a><\/div>\n<p><img decoding=\"async\" class=\"size-medium wp-image-39990 aligncenter lazyload\" data-src=\"https:\/\/www.avvocatobertaggia.com\/blog\/wp-content\/uploads\/2020\/10\/logo-avvocato-bertaggia-blog-300x60.png\" alt=\"\" width=\"300\" height=\"60\" data-srcset=\"https:\/\/www.avvocatobertaggia.com\/blog\/wp-content\/uploads\/2020\/10\/logo-avvocato-bertaggia-blog-300x60.png 300w, https:\/\/www.avvocatobertaggia.com\/blog\/wp-content\/uploads\/2020\/10\/logo-avvocato-bertaggia-blog.png 748w\" data-sizes=\"(max-width: 300px) 100vw, 300px\" src=\"data:image\/svg+xml;base64,PHN2ZyB3aWR0aD0iMSIgaGVpZ2h0PSIxIiB4bWxucz0iaHR0cDovL3d3dy53My5vcmcvMjAwMC9zdmciPjwvc3ZnPg==\" style=\"--smush-placeholder-width: 300px; --smush-placeholder-aspect-ratio: 300\/60;\" \/><\/p>\n<p><img decoding=\"async\" class=\"size-full wp-image-40875 aligncenter lazyload\" data-src=\"https:\/\/www.avvocatobertaggia.com\/blog\/wp-content\/uploads\/2014\/12\/24ore.png\" alt=\"avvocati sole 24ore\" width=\"155\" height=\"70\" src=\"data:image\/svg+xml;base64,PHN2ZyB3aWR0aD0iMSIgaGVpZ2h0PSIxIiB4bWxucz0iaHR0cDovL3d3dy53My5vcmcvMjAwMC9zdmciPjwvc3ZnPg==\" style=\"--smush-placeholder-width: 155px; --smush-placeholder-aspect-ratio: 155\/70;\" \/><\/p>\n<p>\u00a9 Riproduzione riservata<br \/>\nNOTE OBBLIGATORIE per la citazione o riproduzione degli articoli e dei documenti pubblicati in www.avvocatobertaggia.com\/blog<br \/>\n\u00c8 consentito il solo link dal proprio sito alla pagina di www.avvocatobertaggia.com\/blog che contiene l&#8217;articolo di interesse.<br \/>\n\u00c8 vietato che l&#8217;intero articolo sia copiato in altro sito; anche in caso di pubblicazione di un estratto parziale \u00e8 sempre obbligatoria l&#8217;indicazione della fonte e l&#8217;inserimento di un link diretto alla pagina di www.avvocatobertaggia.com\/blog che contiene l&#8217;articolo.<br \/>\nPer la citazione in Libri, Riviste, Tesi di laurea, e ogni diversa pubblicazione, online o cartacea, di articoli (o estratti di articoli) pubblicati in www.avvocatobertaggia.com\/blog \u00e8 obbligatoria l&#8217;indicazione della fonte, nel modo che segue:<br \/>\nAutore. Studio Legale Internazionale Bertaggia &#8211; Titolo <strong>DECRETO FISCALE 2019<\/strong>, in www.avvocatobertaggia.com\/blog<\/p>\n<p class=\"Standard\" style=\"text-align: justify;\"><em>La presente Scheda ha scopi esclusivamente informativi, non impegna in alcun modo n\u00e9 la redazione online n\u00e9 lo Studio Legale Internazionale Bertaggia. Non prendere mai decisioni fiscali o giuridiche senza prima avere consultato un avvocato esperto nella materia.<\/em><\/p>\n<p><em>Articolo aggiornato al 21 Dicembre 2019<\/em><\/p>\n","protected":false},"excerpt":{"rendered":"<p>DECRETO FISCALE 2019 INFO LINE DECRETO FISCALE 2019 +390532240071 Il Decreto legge 26.10.2019, n. 124, cosiddetto \u201cDecreto fiscale 2019\u201d, \u00e8 stato approvato definitivamente. In sede di conversione sono state apportate numerose modifiche al testo originario del decreto. Molte le modifiche di favore: estensione del ravvedimento, fiscalit\u00e0 ridotta per gli \u201cimpatriati\u201d, semplificazioni negli adempimenti. Confermata per [&hellip;]<\/p>\n","protected":false},"author":6,"featured_media":38904,"comment_status":"closed","ping_status":"closed","sticky":false,"template":"","format":"standard","meta":{"content-type":"","jnews-multi-image_gallery":[],"jnews_single_post":{"source_name":"","source_url":"","via_name":"","via_url":"","override_template":"0","override":[{"template":"1","single_blog_custom":"","parallax":"1","fullscreen":"1","layout":"right-sidebar","sidebar":"default-sidebar","second_sidebar":"default-sidebar","sticky_sidebar":"1","share_position":"top","share_float_style":"share-monocrhome","show_share_counter":"1","show_view_counter":"1","show_featured":"1","show_post_meta":"1","show_post_author":"1","show_post_author_image":"1","show_post_date":"1","post_date_format":"default","post_date_format_custom":"Y\/m\/d","show_post_category":"1","show_post_reading_time":"0","post_reading_time_wpm":"300","show_zoom_button":"0","zoom_button_out_step":"2","zoom_button_in_step":"3","show_post_tag":"1","show_prev_next_post":"1","show_popup_post":"1","number_popup_post":"1","show_author_box":"0","show_post_related":"0","show_inline_post_related":"0","post_calculate_word_method":"str_word_count"}],"override_image_size":"0","image_override":[{"single_post_thumbnail_size":"crop-500","single_post_gallery_size":"crop-500"}],"trending_post":"0","trending_post_position":"meta","trending_post_label":"Trending","sponsored_post":"0","sponsored_post_label":"Sponsored by","sponsored_post_name":"","sponsored_post_url":"","sponsored_post_logo_enable":"0","sponsored_post_logo":"","sponsored_post_desc":"","disable_ad":"0","format":"standard","jnews_video_option_group":[[]],"subtitle":""},"jnews_primary_category":{"id":""},"jnews_social_meta":{"fb_title":"","fb_description":"","fb_image":"","twitter_title":"","twitter_description":"","twitter_image":""},"jnews_review":[],"enable_review":"","type":"percentage","name":"","summary":"","brand":"","sku":"","good":[],"bad":[],"score_override":"","override_value":"","rating":[],"price":[],"jnews_override_counter":{"override_view_counter":"0","view_counter_number":"0","override_share_counter":"0","share_counter_number":"0","override_like_counter":"0","like_counter_number":"0","override_dislike_counter":"0","dislike_counter_number":"0"},"jnews_post_split":{"enable_post_split":"0","post_split":[{"template":"1","tag":"h2","numbering":"asc","mode":"normal","first":"0","enable_toc":"0","toc_type":"normal"}]},"footnotes":""},"categories":[1842],"tags":[],"class_list":["post-38900","post","type-post","status-publish","format-standard","has-post-thumbnail","hentry","category-archiviati"],"yoast_head":"<!-- This site is optimized with the Yoast SEO plugin v27.5 - https:\/\/yoast.com\/product\/yoast-seo-wordpress\/ -->\n<title>Decreto fiscale 2019 - Avvocato Daniele Bertaggia Blog<\/title>\n<meta name=\"description\" content=\"Decreto fiscale 2019 approvato. Molte le modifiche: estensione del ravvedimento, fiscalit\u00e0 ridotta per gli \u201cimpatriati\u201d, ed altro.\" \/>\n<meta name=\"robots\" content=\"index, follow, max-snippet:-1, max-image-preview:large, max-video-preview:-1\" \/>\n<link rel=\"canonical\" href=\"https:\/\/www.avvocatobertaggia.com\/blog\/decreto-fiscale-2019\/\" \/>\n<meta property=\"og:locale\" content=\"it_IT\" \/>\n<meta property=\"og:type\" content=\"article\" \/>\n<meta property=\"og:title\" content=\"Decreto fiscale 2019 - Avvocato Daniele Bertaggia Blog\" \/>\n<meta property=\"og:description\" content=\"Decreto fiscale 2019 approvato. Molte le modifiche: estensione del ravvedimento, fiscalit\u00e0 ridotta per gli \u201cimpatriati\u201d, ed altro.\" \/>\n<meta property=\"og:url\" content=\"https:\/\/www.avvocatobertaggia.com\/blog\/decreto-fiscale-2019\/\" \/>\n<meta property=\"og:site_name\" content=\"Avvocato Daniele Bertaggia Blog\" \/>\n<meta property=\"article:publisher\" content=\"https:\/\/www.facebook.com\/avvocatodaniele.bertaggia\" \/>\n<meta property=\"article:published_time\" content=\"2019-12-21T20:10:20+00:00\" \/>\n<meta property=\"article:modified_time\" content=\"2025-04-13T10:03:55+00:00\" \/>\n<meta property=\"og:image\" content=\"https:\/\/www.avvocatobertaggia.com\/blog\/wp-content\/uploads\/2019\/12\/decreto-fiscale-2019.jpg\" \/>\n\t<meta property=\"og:image:width\" content=\"1200\" \/>\n\t<meta property=\"og:image:height\" content=\"799\" \/>\n\t<meta property=\"og:image:type\" content=\"image\/jpeg\" \/>\n<meta name=\"author\" content=\"Studio Legale Internazionale Bertaggia\" \/>\n<meta name=\"twitter:card\" content=\"summary_large_image\" \/>\n<meta name=\"twitter:creator\" content=\"@Avv_Bertaggia\" \/>\n<meta name=\"twitter:site\" content=\"@Avv_Bertaggia\" \/>\n<meta name=\"twitter:label1\" content=\"Scritto da\" \/>\n\t<meta name=\"twitter:data1\" content=\"Studio Legale Internazionale Bertaggia\" \/>\n\t<meta name=\"twitter:label2\" content=\"Tempo di lettura stimato\" \/>\n\t<meta name=\"twitter:data2\" content=\"14 minuti\" \/>\n<script type=\"application\/ld+json\" class=\"yoast-schema-graph\">{\"@context\":\"https:\\\/\\\/schema.org\",\"@graph\":[{\"@type\":\"Article\",\"@id\":\"https:\\\/\\\/www.avvocatobertaggia.com\\\/blog\\\/decreto-fiscale-2019\\\/#article\",\"isPartOf\":{\"@id\":\"https:\\\/\\\/www.avvocatobertaggia.com\\\/blog\\\/decreto-fiscale-2019\\\/\"},\"author\":{\"name\":\"Studio Legale Internazionale Bertaggia\",\"@id\":\"https:\\\/\\\/www.avvocatobertaggia.com\\\/blog\\\/#\\\/schema\\\/person\\\/96d78e218eabd2beda2dd0801bb8e4d6\"},\"headline\":\"Decreto fiscale 2019\",\"datePublished\":\"2019-12-21T20:10:20+00:00\",\"dateModified\":\"2025-04-13T10:03:55+00:00\",\"mainEntityOfPage\":{\"@id\":\"https:\\\/\\\/www.avvocatobertaggia.com\\\/blog\\\/decreto-fiscale-2019\\\/\"},\"wordCount\":2304,\"publisher\":{\"@id\":\"https:\\\/\\\/www.avvocatobertaggia.com\\\/blog\\\/#organization\"},\"image\":{\"@id\":\"https:\\\/\\\/www.avvocatobertaggia.com\\\/blog\\\/decreto-fiscale-2019\\\/#primaryimage\"},\"thumbnailUrl\":\"https:\\\/\\\/www.avvocatobertaggia.com\\\/blog\\\/wp-content\\\/uploads\\\/2019\\\/12\\\/decreto-fiscale-2019.jpg\",\"articleSection\":[\"Archiviati\"],\"inLanguage\":\"it-IT\"},{\"@type\":\"WebPage\",\"@id\":\"https:\\\/\\\/www.avvocatobertaggia.com\\\/blog\\\/decreto-fiscale-2019\\\/\",\"url\":\"https:\\\/\\\/www.avvocatobertaggia.com\\\/blog\\\/decreto-fiscale-2019\\\/\",\"name\":\"Decreto fiscale 2019 - Avvocato Daniele Bertaggia Blog\",\"isPartOf\":{\"@id\":\"https:\\\/\\\/www.avvocatobertaggia.com\\\/blog\\\/#website\"},\"primaryImageOfPage\":{\"@id\":\"https:\\\/\\\/www.avvocatobertaggia.com\\\/blog\\\/decreto-fiscale-2019\\\/#primaryimage\"},\"image\":{\"@id\":\"https:\\\/\\\/www.avvocatobertaggia.com\\\/blog\\\/decreto-fiscale-2019\\\/#primaryimage\"},\"thumbnailUrl\":\"https:\\\/\\\/www.avvocatobertaggia.com\\\/blog\\\/wp-content\\\/uploads\\\/2019\\\/12\\\/decreto-fiscale-2019.jpg\",\"datePublished\":\"2019-12-21T20:10:20+00:00\",\"dateModified\":\"2025-04-13T10:03:55+00:00\",\"description\":\"Decreto fiscale 2019 approvato. Molte le modifiche: estensione del ravvedimento, fiscalit\u00e0 ridotta per gli \u201cimpatriati\u201d, ed altro.\",\"inLanguage\":\"it-IT\",\"potentialAction\":[{\"@type\":\"ReadAction\",\"target\":[\"https:\\\/\\\/www.avvocatobertaggia.com\\\/blog\\\/decreto-fiscale-2019\\\/\"]}]},{\"@type\":\"ImageObject\",\"inLanguage\":\"it-IT\",\"@id\":\"https:\\\/\\\/www.avvocatobertaggia.com\\\/blog\\\/decreto-fiscale-2019\\\/#primaryimage\",\"url\":\"https:\\\/\\\/www.avvocatobertaggia.com\\\/blog\\\/wp-content\\\/uploads\\\/2019\\\/12\\\/decreto-fiscale-2019.jpg\",\"contentUrl\":\"https:\\\/\\\/www.avvocatobertaggia.com\\\/blog\\\/wp-content\\\/uploads\\\/2019\\\/12\\\/decreto-fiscale-2019.jpg\",\"width\":1200,\"height\":799,\"caption\":\"decreto fiscale 2019\"},{\"@type\":\"WebSite\",\"@id\":\"https:\\\/\\\/www.avvocatobertaggia.com\\\/blog\\\/#website\",\"url\":\"https:\\\/\\\/www.avvocatobertaggia.com\\\/blog\\\/\",\"name\":\"Avvocato Daniele Bertaggia Blog\",\"description\":\"News giuridiche, fiscali, finanziarie, penali, con riguardo al panorama internazionale.\",\"publisher\":{\"@id\":\"https:\\\/\\\/www.avvocatobertaggia.com\\\/blog\\\/#organization\"},\"potentialAction\":[{\"@type\":\"SearchAction\",\"target\":{\"@type\":\"EntryPoint\",\"urlTemplate\":\"https:\\\/\\\/www.avvocatobertaggia.com\\\/blog\\\/?s={search_term_string}\"},\"query-input\":{\"@type\":\"PropertyValueSpecification\",\"valueRequired\":true,\"valueName\":\"search_term_string\"}}],\"inLanguage\":\"it-IT\"},{\"@type\":\"Organization\",\"@id\":\"https:\\\/\\\/www.avvocatobertaggia.com\\\/blog\\\/#organization\",\"name\":\"Avvocato Bertaggia Blog\",\"url\":\"https:\\\/\\\/www.avvocatobertaggia.com\\\/blog\\\/\",\"logo\":{\"@type\":\"ImageObject\",\"inLanguage\":\"it-IT\",\"@id\":\"https:\\\/\\\/www.avvocatobertaggia.com\\\/blog\\\/#\\\/schema\\\/logo\\\/image\\\/\",\"url\":\"https:\\\/\\\/www.avvocatobertaggia.com\\\/blog\\\/wp-content\\\/uploads\\\/2020\\\/10\\\/logo-avvocato-bertaggia-blog.png\",\"contentUrl\":\"https:\\\/\\\/www.avvocatobertaggia.com\\\/blog\\\/wp-content\\\/uploads\\\/2020\\\/10\\\/logo-avvocato-bertaggia-blog.png\",\"width\":748,\"height\":150,\"caption\":\"Avvocato Bertaggia Blog\"},\"image\":{\"@id\":\"https:\\\/\\\/www.avvocatobertaggia.com\\\/blog\\\/#\\\/schema\\\/logo\\\/image\\\/\"},\"sameAs\":[\"https:\\\/\\\/www.facebook.com\\\/avvocatodaniele.bertaggia\",\"https:\\\/\\\/x.com\\\/Avv_Bertaggia\",\"https:\\\/\\\/www.instagram.com\\\/studiolegaleinternazionale_db\\\/\",\"https:\\\/\\\/www.linkedin.com\\\/in\\\/daniele-bertaggia-avvocato-internazionale\\\/\",\"https:\\\/\\\/www.youtube.com\\\/channel\\\/UCJ9a6WsXqvePkNFKYTWOs-g\"]},{\"@type\":\"Person\",\"@id\":\"https:\\\/\\\/www.avvocatobertaggia.com\\\/blog\\\/#\\\/schema\\\/person\\\/96d78e218eabd2beda2dd0801bb8e4d6\",\"name\":\"Studio Legale Internazionale Bertaggia\",\"image\":{\"@type\":\"ImageObject\",\"inLanguage\":\"it-IT\",\"@id\":\"https:\\\/\\\/www.avvocatobertaggia.com\\\/blog\\\/wp-content\\\/uploads\\\/2020\\\/04\\\/logo-mono.png\",\"url\":\"https:\\\/\\\/www.avvocatobertaggia.com\\\/blog\\\/wp-content\\\/uploads\\\/2020\\\/04\\\/logo-mono.png\",\"contentUrl\":\"https:\\\/\\\/www.avvocatobertaggia.com\\\/blog\\\/wp-content\\\/uploads\\\/2020\\\/04\\\/logo-mono.png\",\"caption\":\"Studio Legale Internazionale Bertaggia\"},\"description\":\"Benvenuti nel blog del Studio Legale Internazionale Bertaggia. Con oltre 30 anni di esperienza nel campo del diritto, siamo un team di avvocati altamente qualificati e dedicati a fornire assistenza legale di eccellenza a livello globale. Il nostro studio legale \u00e8 specializzato in una vasta gamma di settori, tra cui il diritto commerciale, il diritto civile, il diritto penale, il diritto internazionale e il recupero crediti. Siamo particolarmente rinomati per la nostra competenza nel trattare casi complessi di frodi finanziarie e trading online. Missione La nostra missione \u00e8 difendere i diritti dei nostri clienti e garantire che ricevano la giustizia che meritano. Ogni caso \u00e8 trattato con la massima attenzione e professionalit\u00e0, assicurando che tutte le operazioni siano conformi alle leggi nazionali e internazionali. Articoli e Approfondimenti In questo blog, condivideremo articoli approfonditi, analisi legali e aggiornamenti su casi di rilievo, offrendo una visione chiara e comprensibile delle normative legali e delle recenti sentenze. Il nostro obiettivo \u00e8 fornire ai lettori informazioni utili e aggiornate per navigare nel complesso mondo del diritto. Perch\u00e9 Sceglierci Esperienza e Competenza: Con decenni di esperienza, i nostri avvocati sono esperti riconosciuti nei loro rispettivi campi. Servizio Personalizzato: Ogni cliente \u00e8 unico e riceve un servizio su misura che risponde alle sue specifiche esigenze. Eccellenza Internazionale: La nostra rete globale ci consente di assistere i clienti ovunque si trovino, mantenendo standard elevati di professionalit\u00e0 e integrit\u00e0. Contattaci Se hai bisogno di assistenza legale o desideri saperne di pi\u00f9 su un argomento trattato nel nostro blog, non esitare a contattarci. Siamo qui per aiutarti e guidarti attraverso ogni passo del tuo percorso legale. \ud83d\udcde Infoline: +393483610420 \ud83c\udf10 Sito Web: www.studiolegalinternazionalebertaggia.com Rimani aggiornato sulle ultime novit\u00e0 legali e scopri come possiamo aiutarti a proteggere i tuoi diritti. Buona lettura!\"}]}<\/script>\n<!-- \/ Yoast SEO plugin. -->","yoast_head_json":{"title":"Decreto fiscale 2019 - Avvocato Daniele Bertaggia Blog","description":"Decreto fiscale 2019 approvato. Molte le modifiche: estensione del ravvedimento, fiscalit\u00e0 ridotta per gli \u201cimpatriati\u201d, ed altro.","robots":{"index":"index","follow":"follow","max-snippet":"max-snippet:-1","max-image-preview":"max-image-preview:large","max-video-preview":"max-video-preview:-1"},"canonical":"https:\/\/www.avvocatobertaggia.com\/blog\/decreto-fiscale-2019\/","og_locale":"it_IT","og_type":"article","og_title":"Decreto fiscale 2019 - Avvocato Daniele Bertaggia Blog","og_description":"Decreto fiscale 2019 approvato. Molte le modifiche: estensione del ravvedimento, fiscalit\u00e0 ridotta per gli \u201cimpatriati\u201d, ed altro.","og_url":"https:\/\/www.avvocatobertaggia.com\/blog\/decreto-fiscale-2019\/","og_site_name":"Avvocato Daniele Bertaggia Blog","article_publisher":"https:\/\/www.facebook.com\/avvocatodaniele.bertaggia","article_published_time":"2019-12-21T20:10:20+00:00","article_modified_time":"2025-04-13T10:03:55+00:00","og_image":[{"width":1200,"height":799,"url":"https:\/\/www.avvocatobertaggia.com\/blog\/wp-content\/uploads\/2019\/12\/decreto-fiscale-2019.jpg","type":"image\/jpeg"}],"author":"Studio Legale Internazionale Bertaggia","twitter_card":"summary_large_image","twitter_creator":"@Avv_Bertaggia","twitter_site":"@Avv_Bertaggia","twitter_misc":{"Scritto da":"Studio Legale Internazionale Bertaggia","Tempo di lettura stimato":"14 minuti"},"schema":{"@context":"https:\/\/schema.org","@graph":[{"@type":"Article","@id":"https:\/\/www.avvocatobertaggia.com\/blog\/decreto-fiscale-2019\/#article","isPartOf":{"@id":"https:\/\/www.avvocatobertaggia.com\/blog\/decreto-fiscale-2019\/"},"author":{"name":"Studio Legale Internazionale Bertaggia","@id":"https:\/\/www.avvocatobertaggia.com\/blog\/#\/schema\/person\/96d78e218eabd2beda2dd0801bb8e4d6"},"headline":"Decreto fiscale 2019","datePublished":"2019-12-21T20:10:20+00:00","dateModified":"2025-04-13T10:03:55+00:00","mainEntityOfPage":{"@id":"https:\/\/www.avvocatobertaggia.com\/blog\/decreto-fiscale-2019\/"},"wordCount":2304,"publisher":{"@id":"https:\/\/www.avvocatobertaggia.com\/blog\/#organization"},"image":{"@id":"https:\/\/www.avvocatobertaggia.com\/blog\/decreto-fiscale-2019\/#primaryimage"},"thumbnailUrl":"https:\/\/www.avvocatobertaggia.com\/blog\/wp-content\/uploads\/2019\/12\/decreto-fiscale-2019.jpg","articleSection":["Archiviati"],"inLanguage":"it-IT"},{"@type":"WebPage","@id":"https:\/\/www.avvocatobertaggia.com\/blog\/decreto-fiscale-2019\/","url":"https:\/\/www.avvocatobertaggia.com\/blog\/decreto-fiscale-2019\/","name":"Decreto fiscale 2019 - Avvocato Daniele Bertaggia Blog","isPartOf":{"@id":"https:\/\/www.avvocatobertaggia.com\/blog\/#website"},"primaryImageOfPage":{"@id":"https:\/\/www.avvocatobertaggia.com\/blog\/decreto-fiscale-2019\/#primaryimage"},"image":{"@id":"https:\/\/www.avvocatobertaggia.com\/blog\/decreto-fiscale-2019\/#primaryimage"},"thumbnailUrl":"https:\/\/www.avvocatobertaggia.com\/blog\/wp-content\/uploads\/2019\/12\/decreto-fiscale-2019.jpg","datePublished":"2019-12-21T20:10:20+00:00","dateModified":"2025-04-13T10:03:55+00:00","description":"Decreto fiscale 2019 approvato. Molte le modifiche: estensione del ravvedimento, fiscalit\u00e0 ridotta per gli \u201cimpatriati\u201d, ed altro.","inLanguage":"it-IT","potentialAction":[{"@type":"ReadAction","target":["https:\/\/www.avvocatobertaggia.com\/blog\/decreto-fiscale-2019\/"]}]},{"@type":"ImageObject","inLanguage":"it-IT","@id":"https:\/\/www.avvocatobertaggia.com\/blog\/decreto-fiscale-2019\/#primaryimage","url":"https:\/\/www.avvocatobertaggia.com\/blog\/wp-content\/uploads\/2019\/12\/decreto-fiscale-2019.jpg","contentUrl":"https:\/\/www.avvocatobertaggia.com\/blog\/wp-content\/uploads\/2019\/12\/decreto-fiscale-2019.jpg","width":1200,"height":799,"caption":"decreto fiscale 2019"},{"@type":"WebSite","@id":"https:\/\/www.avvocatobertaggia.com\/blog\/#website","url":"https:\/\/www.avvocatobertaggia.com\/blog\/","name":"Avvocato Daniele Bertaggia Blog","description":"News giuridiche, fiscali, finanziarie, penali, con riguardo al panorama internazionale.","publisher":{"@id":"https:\/\/www.avvocatobertaggia.com\/blog\/#organization"},"potentialAction":[{"@type":"SearchAction","target":{"@type":"EntryPoint","urlTemplate":"https:\/\/www.avvocatobertaggia.com\/blog\/?s={search_term_string}"},"query-input":{"@type":"PropertyValueSpecification","valueRequired":true,"valueName":"search_term_string"}}],"inLanguage":"it-IT"},{"@type":"Organization","@id":"https:\/\/www.avvocatobertaggia.com\/blog\/#organization","name":"Avvocato Bertaggia Blog","url":"https:\/\/www.avvocatobertaggia.com\/blog\/","logo":{"@type":"ImageObject","inLanguage":"it-IT","@id":"https:\/\/www.avvocatobertaggia.com\/blog\/#\/schema\/logo\/image\/","url":"https:\/\/www.avvocatobertaggia.com\/blog\/wp-content\/uploads\/2020\/10\/logo-avvocato-bertaggia-blog.png","contentUrl":"https:\/\/www.avvocatobertaggia.com\/blog\/wp-content\/uploads\/2020\/10\/logo-avvocato-bertaggia-blog.png","width":748,"height":150,"caption":"Avvocato Bertaggia Blog"},"image":{"@id":"https:\/\/www.avvocatobertaggia.com\/blog\/#\/schema\/logo\/image\/"},"sameAs":["https:\/\/www.facebook.com\/avvocatodaniele.bertaggia","https:\/\/x.com\/Avv_Bertaggia","https:\/\/www.instagram.com\/studiolegaleinternazionale_db\/","https:\/\/www.linkedin.com\/in\/daniele-bertaggia-avvocato-internazionale\/","https:\/\/www.youtube.com\/channel\/UCJ9a6WsXqvePkNFKYTWOs-g"]},{"@type":"Person","@id":"https:\/\/www.avvocatobertaggia.com\/blog\/#\/schema\/person\/96d78e218eabd2beda2dd0801bb8e4d6","name":"Studio Legale Internazionale Bertaggia","image":{"@type":"ImageObject","inLanguage":"it-IT","@id":"https:\/\/www.avvocatobertaggia.com\/blog\/wp-content\/uploads\/2020\/04\/logo-mono.png","url":"https:\/\/www.avvocatobertaggia.com\/blog\/wp-content\/uploads\/2020\/04\/logo-mono.png","contentUrl":"https:\/\/www.avvocatobertaggia.com\/blog\/wp-content\/uploads\/2020\/04\/logo-mono.png","caption":"Studio Legale Internazionale Bertaggia"},"description":"Benvenuti nel blog del Studio Legale Internazionale Bertaggia. Con oltre 30 anni di esperienza nel campo del diritto, siamo un team di avvocati altamente qualificati e dedicati a fornire assistenza legale di eccellenza a livello globale. Il nostro studio legale \u00e8 specializzato in una vasta gamma di settori, tra cui il diritto commerciale, il diritto civile, il diritto penale, il diritto internazionale e il recupero crediti. Siamo particolarmente rinomati per la nostra competenza nel trattare casi complessi di frodi finanziarie e trading online. Missione La nostra missione \u00e8 difendere i diritti dei nostri clienti e garantire che ricevano la giustizia che meritano. Ogni caso \u00e8 trattato con la massima attenzione e professionalit\u00e0, assicurando che tutte le operazioni siano conformi alle leggi nazionali e internazionali. Articoli e Approfondimenti In questo blog, condivideremo articoli approfonditi, analisi legali e aggiornamenti su casi di rilievo, offrendo una visione chiara e comprensibile delle normative legali e delle recenti sentenze. Il nostro obiettivo \u00e8 fornire ai lettori informazioni utili e aggiornate per navigare nel complesso mondo del diritto. Perch\u00e9 Sceglierci Esperienza e Competenza: Con decenni di esperienza, i nostri avvocati sono esperti riconosciuti nei loro rispettivi campi. Servizio Personalizzato: Ogni cliente \u00e8 unico e riceve un servizio su misura che risponde alle sue specifiche esigenze. Eccellenza Internazionale: La nostra rete globale ci consente di assistere i clienti ovunque si trovino, mantenendo standard elevati di professionalit\u00e0 e integrit\u00e0. Contattaci Se hai bisogno di assistenza legale o desideri saperne di pi\u00f9 su un argomento trattato nel nostro blog, non esitare a contattarci. Siamo qui per aiutarti e guidarti attraverso ogni passo del tuo percorso legale. \ud83d\udcde Infoline: +393483610420 \ud83c\udf10 Sito Web: www.studiolegalinternazionalebertaggia.com Rimani aggiornato sulle ultime novit\u00e0 legali e scopri come possiamo aiutarti a proteggere i tuoi diritti. Buona lettura!"}]}},"_links":{"self":[{"href":"https:\/\/www.avvocatobertaggia.com\/blog\/wp-json\/wp\/v2\/posts\/38900","targetHints":{"allow":["GET"]}}],"collection":[{"href":"https:\/\/www.avvocatobertaggia.com\/blog\/wp-json\/wp\/v2\/posts"}],"about":[{"href":"https:\/\/www.avvocatobertaggia.com\/blog\/wp-json\/wp\/v2\/types\/post"}],"author":[{"embeddable":true,"href":"https:\/\/www.avvocatobertaggia.com\/blog\/wp-json\/wp\/v2\/users\/6"}],"replies":[{"embeddable":true,"href":"https:\/\/www.avvocatobertaggia.com\/blog\/wp-json\/wp\/v2\/comments?post=38900"}],"version-history":[{"count":3,"href":"https:\/\/www.avvocatobertaggia.com\/blog\/wp-json\/wp\/v2\/posts\/38900\/revisions"}],"predecessor-version":[{"id":44428,"href":"https:\/\/www.avvocatobertaggia.com\/blog\/wp-json\/wp\/v2\/posts\/38900\/revisions\/44428"}],"wp:featuredmedia":[{"embeddable":true,"href":"https:\/\/www.avvocatobertaggia.com\/blog\/wp-json\/wp\/v2\/media\/38904"}],"wp:attachment":[{"href":"https:\/\/www.avvocatobertaggia.com\/blog\/wp-json\/wp\/v2\/media?parent=38900"}],"wp:term":[{"taxonomy":"category","embeddable":true,"href":"https:\/\/www.avvocatobertaggia.com\/blog\/wp-json\/wp\/v2\/categories?post=38900"},{"taxonomy":"post_tag","embeddable":true,"href":"https:\/\/www.avvocatobertaggia.com\/blog\/wp-json\/wp\/v2\/tags?post=38900"}],"curies":[{"name":"wp","href":"https:\/\/api.w.org\/{rel}","templated":true}]}}