{"id":40146,"date":"2020-11-07T15:32:11","date_gmt":"2020-11-07T15:32:11","guid":{"rendered":"https:\/\/www.avvocatobertaggia.com\/blog\/?p=40146"},"modified":"2020-11-07T16:04:04","modified_gmt":"2020-11-07T16:04:04","slug":"esterovestizione-avviso-accertamento","status":"publish","type":"post","link":"https:\/\/www.avvocatobertaggia.com\/blog\/esterovestizione-avviso-accertamento\/","title":{"rendered":"Esterovestizione avviso accertamento"},"content":{"rendered":"<h1 style=\"text-align: center;\"><span class=\"ez-toc-section\" id=\"esterovestizione-avviso-di-accertamento\"><\/span><strong>ESTEROVESTIZIONE AVVISO DI ACCERTAMENTO<\/strong><span class=\"ez-toc-section-end\"><\/span><\/h1><div id=\"ez-toc-container\" class=\"ez-toc-v2_0_82_2 counter-hierarchy ez-toc-counter ez-toc-custom ez-toc-container-direction\">\n<div class=\"ez-toc-title-container\">\n<p class=\"ez-toc-title\" style=\"cursor:inherit\">Contenuti dell&#039;articolo<\/p>\n<span class=\"ez-toc-title-toggle\"><a href=\"#\" class=\"ez-toc-pull-right ez-toc-btn ez-toc-btn-xs ez-toc-btn-default ez-toc-toggle\" aria-label=\"Toggle Table of Content\"><span class=\"ez-toc-js-icon-con\"><span class=\"\"><span class=\"eztoc-hide\" style=\"display:none;\">Toggle<\/span><span class=\"ez-toc-icon-toggle-span\"><svg style=\"fill: #000000;color:#000000\" xmlns=\"http:\/\/www.w3.org\/2000\/svg\" class=\"list-377408\" width=\"20px\" height=\"20px\" viewBox=\"0 0 24 24\" fill=\"none\"><path d=\"M6 6H4v2h2V6zm14 0H8v2h12V6zM4 11h2v2H4v-2zm16 0H8v2h12v-2zM4 16h2v2H4v-2zm16 0H8v2h12v-2z\" fill=\"currentColor\"><\/path><\/svg><svg style=\"fill: #000000;color:#000000\" class=\"arrow-unsorted-368013\" xmlns=\"http:\/\/www.w3.org\/2000\/svg\" width=\"10px\" height=\"10px\" viewBox=\"0 0 24 24\" version=\"1.2\" baseProfile=\"tiny\"><path d=\"M18.2 9.3l-6.2-6.3-6.2 6.3c-.2.2-.3.4-.3.7s.1.5.3.7c.2.2.4.3.7.3h11c.3 0 .5-.1.7-.3.2-.2.3-.5.3-.7s-.1-.5-.3-.7zM5.8 14.7l6.2 6.3 6.2-6.3c.2-.2.3-.5.3-.7s-.1-.5-.3-.7c-.2-.2-.4-.3-.7-.3h-11c-.3 0-.5.1-.7.3-.2.2-.3.5-.3.7s.1.5.3.7z\"\/><\/svg><\/span><\/span><\/span><\/a><\/span><\/div>\n<nav><ul class='ez-toc-list ez-toc-list-level-1 eztoc-toggle-hide-by-default' ><li class='ez-toc-page-1 ez-toc-heading-level-1'><a class=\"ez-toc-link ez-toc-heading-1\" href=\"https:\/\/www.avvocatobertaggia.com\/blog\/esterovestizione-avviso-accertamento\/#esterovestizione-avviso-di-accertamento\" >ESTEROVESTIZIONE AVVISO DI ACCERTAMENTO<\/a><ul class='ez-toc-list-level-4' ><li class='ez-toc-heading-level-4'><ul class='ez-toc-list-level-4' ><li class='ez-toc-heading-level-4'><ul class='ez-toc-list-level-4' ><li class='ez-toc-heading-level-4'><a class=\"ez-toc-link ez-toc-heading-2\" href=\"https:\/\/www.avvocatobertaggia.com\/blog\/esterovestizione-avviso-accertamento\/#info-line-esterovestizione-persona-fisica-393483610420\" >INFO LINE ESTEROVESTIZIONE PERSONA FISICA: +393483610420<\/a><\/li><li class='ez-toc-page-1 ez-toc-heading-level-4'><a class=\"ez-toc-link ez-toc-heading-3\" href=\"https:\/\/www.avvocatobertaggia.com\/blog\/esterovestizione-avviso-accertamento\/#esterovestizione-avviso-di-accertamento-2\" >ESTEROVESTIZIONE AVVISO DI ACCERTAMENTO<\/a><\/li><li class='ez-toc-page-1 ez-toc-heading-level-4'><a class=\"ez-toc-link ez-toc-heading-4\" href=\"https:\/\/www.avvocatobertaggia.com\/blog\/esterovestizione-avviso-accertamento\/#esterovestizione-avviso-di-accertamento-3\" >ESTEROVESTIZIONE AVVISO DI ACCERTAMENTO<\/a><\/li><\/ul><\/li><\/ul><\/li><\/ul><\/li><\/ul><\/nav><\/div>\n\n<h4 style=\"text-align: center;\"><span class=\"ez-toc-section\" id=\"info-line-esterovestizione-persona-fisica-393483610420\"><\/span>INFO LINE ESTEROVESTIZIONE PERSONA FISICA: <strong><a href=\"tel:+393483610420\">+393483610420<\/a><\/strong><span class=\"ez-toc-section-end\"><\/span><\/h4>\n<p style=\"text-align: justify;\">Esterovestizione avviso di accertamento. Gentili Lettori. vi segnaliamo un&#8217;importante decisione della <strong>Commissione Tributaria Provinciale della Lombardia Sez. II\u00a0 25\/05\/2020, <\/strong>nel cui ambito il contribuente ha dimostrato l&#8217;illegittimit\u00e0 dell&#8217;accertamento effettuatogli dall&#8217;Agenzia delle Entrate per <strong><span style=\"color: #ff0000;\"><a style=\"color: #ff0000;\" href=\"https:\/\/www.avvocatobertaggia.com\/blog\/esterovestizione-falsa-residenza-fiscale\/\" target=\"_blank\" rel=\"noopener noreferrer\">esterovestizione,<\/a><\/span><\/strong> a fronte di una permanenza nel territorio italiano di soli 67 giorni in un anno solare.<\/p>\n<p>Articolo a cura dell<strong>&#8216;<\/strong><span style=\"color: #ff0000;\"><a style=\"color: #ff0000;\" href=\"https:\/\/www.avvocatobertaggia.org\/-studio-legale-internazionale-bertaggia.html\">Avvocato Bertaggia di Ferrara<\/a>.<\/span><\/p>\n<p style=\"text-align: center;\"><div class=\"su-button-center\"><a href=\"https:\/\/live.vcita.com\/site\/avvocatobertaggia\" class=\"su-button su-button-style-default su-button-wide\" style=\"color:#FFFFFF;background-color:#ef2d4a;border-color:#c0243c;border-radius:7px\" target=\"_self\"><span style=\"color:#FFFFFF;padding:7px 20px;font-size:16px;line-height:24px;border-color:#f46c81;border-radius:7px;text-shadow:none\"><i class=\"sui sui-balance-scale\" style=\"font-size:16px;color:#FFFFFF\"><\/i> Desideri informazioni in ambito di esterovestizione? Contatta i nostri avvocati. Clicca<\/span><\/a><\/div>\n<p>Comm. trib. prov. Lombardia Milano Sez. II, 25\/05\/2020<br \/>\nC.A. c. Agenzia delle Entrate &#8211; Direzione Provinciale II di Milano<\/p>\n<p style=\"text-align: justify;\">E&#8217; illegittimo l&#8217;avviso di accertamento con il quale il Fisco abbia recuperato le imposte dovute a carico di un contribuente persona fisica, in quanto soggetto esterovestito, laddove non risulti assolto l&#8217;onere probatorio su di esso gravante circa la sussistenza dell&#8217; esterovestizione ed anzi abbia contribuito a dare prova della fondatezza delle ragioni addotte dal contribuente, <strong>dando atto della residenza di quest&#8217;ultimo, in Italia per soli 67 giorni<\/strong>. Detta circostanza deve ritenersi senza dubbio importante, posto che secondo l&#8217;art. 2, comma 2, TUIR sono considerate residenti in Italia le persone fisiche che per la maggior parte dell&#8217;anno e, dunque, per almeno 183 giorni, anche se non iscritte nell&#8217;anagrafe della popolazione residente, hanno in Italia la dimora abituale o il domicilio.<\/p>\n<h4><span class=\"ez-toc-section\" id=\"esterovestizione-avviso-di-accertamento-2\"><\/span><strong>ESTEROVESTIZIONE AVVISO DI ACCERTAMENTO<\/strong><span class=\"ez-toc-section-end\"><\/span><\/h4>\n<p class=\"sent_normal\" style=\"text-align: justify;\">L&#8217;atto impugnato recupera maggiori imposte per l&#8217;anno 2009, corrispondenti ad Euro 1.605.162,00 (irpef), 52.398,00 (addizionale regionale), 42.557,00 (imposta sostitutiva), 910.559,00 (iva), oltre interessi, irrogando la sanzione pecuniaria di Euro 5.778.583,00.<\/p>\n<p class=\"sent_normal\" style=\"text-align: justify;\">Le riprese sono scaturite dal citato pvc, che avrebbe individuato un caso di esterovestizione, con riferimento al signor C..<\/p>\n<p class=\"sent_normal\" style=\"text-align: justify;\">Secondo l&#8217;Amministrazione, il ricorrente, all&#8217;epoca agente e procuratore sportivo, avrebbe fittiziamente stabilito la propria residenza nel P. di M., per esercitare la propria attivit\u00e0 attraverso lo schermo di societ\u00e0 stabilite all&#8217;estero, allo scopo di evitare di essere soggetto alla tassazione in Italia.<\/p>\n<p class=\"sent_normal\" style=\"text-align: justify;\">In particolare, i verificatori hanno ricostruito il reddito d&#8217;impresa da sottoporre a tassazione ai sensi dell&#8217;art. 12, commi 2 e 2-bis,<span style=\"color: #000000;\"> <a style=\"color: #000000;\">D.L. n. 78 del 2009<\/a><\/span> in Euro 3.748,367,00, in Euro 174.626,74 i redditi di capitale di fonte estera.<\/p>\n<p class=\"sent_normal\" style=\"text-align: justify;\">Il signor C. ha contestato ed impugnato l&#8217;accertamento, allegando di:<\/p>\n<p class=\"sent_normal\" style=\"text-align: justify;\">a) essere cittadino monegasco dal 1999,<\/p>\n<p class=\"sent_normal\" style=\"text-align: justify;\">b) essere iscritto all&#8217;AIRE,<\/p>\n<p class=\"sent_normal\" style=\"text-align: justify;\">c) di avere casa nel Principato di Monaco,<\/p>\n<p class=\"sent_normal\" style=\"text-align: justify;\">d) di avere svolto la propria attivit\u00e0 professionale di agente\/procuratore sportivo nel Principato di Monaco, dal 1999 ad oggi,<\/p>\n<p class=\"sent_normal\" style=\"text-align: justify;\">e) di avere a Montecarlo il proprio conto corrente dal 1999,<\/p>\n<p class=\"sent_normal\" style=\"text-align: justify;\">f) di non aver subito condanne penali n\u00e9 in Italia, n\u00e9 a Montecarlo,<\/p>\n<p class=\"sent_normal\" style=\"text-align: justify;\">g) di avere nel Principato i propri interessi economici e i propri legami affettivi.<\/p>\n<p class=\"sent_normal\" style=\"text-align: justify;\">Replica l&#8217;Ufficio, premettendo che, ai sensi dell&#8217;art. 2, comma 2-bis, TUIR, sono considerati residenti in Italia, e quindi soggetti alla tassazione italiana, i cittadini italiani, cancellati dalle anagrafi italiane, residenti o trasferiti in Stato o in territori aventi un regime fiscale privilegiato, tra i quali rientra il Principato di Monaco.<\/p>\n<p class=\"sent_normal\" style=\"text-align: justify;\">E&#8217; fatta salva la prova contraria, che avr\u00e0 per oggetto l&#8217;allegazione da parte del contribuente della prova dell&#8217;effettivit\u00e0 della residenza e dello stabilimento all&#8217;estero dei propri interessi economici ed affettivi.<\/p>\n<p class=\"sent_normal\" style=\"text-align: justify;\">Con riferimento alle persone giuridiche stabilite all&#8217;estero, ricorda l&#8217;Ufficio che la sede amministrativa coincide con il luogo in cui si svolgono concretamente le attivit\u00e0 amministrative e di direzione e che l&#8217;oggetto della loro attivit\u00e0 si deduce dall&#8217;attivit\u00e0 concretamente esercitata nel territorio dello Stato.<\/p>\n<p class=\"sent_normal\" style=\"text-align: justify;\">Quanto agli elementi di fatto individuati dall&#8217;Ufficio a sostegno della pretesa erariale, a fronte delle specifiche prove versate dal ricorrente, si rinvia all&#8217;atto impugnato e, soprattutto, al pvc, allegato al processo sub doc. 3 della resistente.<\/p>\n<p class=\"sent_normal\" style=\"text-align: justify;\">Tanto premesso, la Commissione ritiene che le prove dedotte dal ricorrente per superare la presunzione introdotta dall&#8217;art. 2, comma 2-bis, <a>TUIR<\/a>, confermino che la residenza fiscale del signor C. per l&#8217;anno 2009 fosse nel Principato di Monaco.<\/p>\n<p class=\"sent_normal\" style=\"text-align: justify;\">Sul punto le deduzioni dell&#8217;Ufficio non consentono di giungere ad una conclusione contraria, per l&#8217;irrilevanza e l&#8217;incongruenza del materiale probatorio allegato.<\/p>\n<p class=\"sent_normal\" style=\"text-align: justify;\">Secondo l&#8217;Ufficio, il signor C. avrebbe costituito delle societ\u00e0 finalizzate all&#8217;evasione delle imposte dovute allo Stato italiano, ma le prove presentate al riguardo sono in gran parte irrilevanti, prive di specificit\u00e0 e storicamente non riconducibili all&#8217;anno 2009 in esame. Ad esempio, non rileva la societ\u00e0 G.G.I. s.r.l., in quanto cancellata dal registro delle imprese nel 2006; cos\u00ec come non rilevano le societ\u00e0 M.C. s.r.l. e M.C. s.c.a r.l., la prima cancellata nel 2002 e la seconda nel 2007, n\u00e9, per logica conseguenza, rilevano gli investimenti effettuati attraverso quest&#8217;ultima societ\u00e0 prima del 2002 nelle societ\u00e0 F. s.r.l., peraltro cancellata nel 2002, e I. s.p.a.).<\/p>\n<p class=\"sent_normal\" style=\"text-align: justify;\">Uguali considerazioni possono farsi per societ\u00e0 che, secondo l&#8217;Ufficio, sarebbero riconducibili al ricorrente, ma che sono state cancellate dal registro delle imprese ben prima dell&#8217;anno 2009 e cio\u00e8 la O. s.p.a. (cancellata nel 2007) e la G.S. s.r.l. (cancellata nel 2002).<\/p>\n<p class=\"sent_normal\" style=\"text-align: justify;\">Del pari irrilevanti, posto che non viene spiegato il rapporto causale con l&#8217;assunta esterovestizione, sono i richiami fatti alle societ\u00e0 I.I.P. s.r.l. e G.S. AG ed il coinvolgimento del ricorrente nel fallimento della societ\u00e0 H.V. s.p.a.<\/p>\n<p class=\"sent_normal\" style=\"text-align: justify;\">Difettano, altres\u00ec, di rilevanza per decidere dell&#8217;accertamento per l&#8217;anno 2009, riferendosi a fatti avvenuti nell&#8217;anno 2012, i richiami alla societ\u00e0 irlandese F.S. Limited, alla statunitense P. LLC ed a tutta la vicenda dell&#8217;acquisizione della societ\u00e0 M.C.F. s.p.a.<\/p>\n<p class=\"sent_normal\" style=\"text-align: justify;\">Quanto all&#8217;attivit\u00e0 di procuratore svolta dal ricorrente nell&#8217;anno 2009 in rappresentanza del calciatore Trezeguet della Juventus, premesso che il calciatore avrebbe conferito il mandato alla signora P., esponente e socia della societ\u00e0 I.P.C. S.A.M. (di seguito anche I.), societ\u00e0 monegasca della quale il signor C. nel 2007, aveva la maggioranza del capitale sociale, i compensi percepiti ed il trasferimento alla stessa dei diritti patrimoniali del calciatore, rientrano e sono il frutto nella normale attivit\u00e0 d&#8217;impresa svolta dalla I..<\/p>\n<p class=\"sent_normal\" style=\"text-align: justify;\">Similmente per il calciatore Maicon dell&#8217;Internazionale, rappresentato sempre dalla I., con l&#8217;ulteriore precisazione che i rinnovi contrattuali ed il tesseramento che hanno determinato pagamenti a favore di I. risalgono agli anni 2006, 2008, 2010 e non al 2009.<\/p>\n<p class=\"sent_normal\" style=\"text-align: justify;\">Con riferimento al rapporto intrattenuto con questo calciatore, rimasti privi di sostanza probatoria, per stessa ammissione dell&#8217;Ufficio, sono stati i riferimenti al molo della societ\u00e0 F. s.p.a. (evidentemente diversa dalla omonima s.r.l. cancellata nel 2002), ai rapporti intrattenuti con il signor C. e con tale signor R..<\/p>\n<p class=\"sent_normal\" style=\"text-align: justify;\">Le stesse conclusioni si devono trarre con riferimento alla documentazione bancaria richiamata dall&#8217;Ufficio o perch\u00e9 non rilevante per l&#8217;anno d&#8217;imposta 2009 o perch\u00e9 non sufficiente a provare l&#8217;esterovestizione ed il radicamento degli interessi economici in Italia o perch\u00e9 non concludente, quando si prende a riferimento il conto corrente cointestato con la coniuge signora Pimpinella.<\/p>\n<p class=\"sent_normal\" style=\"text-align: justify;\">Per converso, le ingenti disponibilit\u00e0 liquide del ricorrente nei conti correnti aperti nel Principato di Monaco depongono a favore della difesa e cio\u00e8 a favore del radicamento in quello Stato degli interessi economici e della prevalente attivit\u00e0 professionale del signor C. (v. mem. Ufficio, pag. 26).<\/p>\n<p class=\"sent_normal\" style=\"text-align: justify;\">Cos\u00ec dicasi per le altrettanto ingenti propriet\u00e0 immobiliari dello stesso nel Principato (v. me. Ufficio, pag. 15).<\/p>\n<p class=\"sent_normal\" style=\"text-align: justify;\">E&#8217; inoltre contraddittorio con lo stesso materiale probatorio allegato dall&#8217;Ufficio, assumere che la societ\u00e0 I. fosse uno schermo o una scatola vuota, creata per nascondere il fatto che l&#8217;attivit\u00e0 imponibile del signor C. veniva svolta in Italia.<\/p>\n<p class=\"sent_normal\" style=\"text-align: justify;\">Dalle dichiarazioni rilasciate, ad esempio, dal signor L. appare una realt\u00e0 diversa e cio\u00e8 quella di una societ\u00e0 con sede, dipendenti ed attivit\u00e0 radicata nel Principato di Monaco, anche se proiettata sul mercato sportivo italiano.<\/p>\n<p class=\"sent_normal\" style=\"text-align: justify;\">Sempre in tema di dichiarazioni di terzi, si sorvola su quelle che &#8211; e sono la gran parte &#8211; riferiscono di accadimenti non avvenuti nell&#8217;anno 2009.<\/p>\n<blockquote>\n<p class=\"sent_normal\" style=\"text-align: justify;\"><strong>Infine e, si conclude, l&#8217;Ufficio, oltre a non aver dato la prova dell&#8217;esterovestizione per l&#8217;anno 2009, a fronte delle prove allegate dal ricorrente (v. ante lett. da a) a g), ha contribuito a convincere la Commissione della fondatezza delle ragioni del signor C., quando &#8211; con lodevole trasparenza &#8211; ha dato atto che il ricorrente nell&#8217;anno 2009 \u00e8 stato in Italia per 67 giorni (v. pvc, pag. 59). Circostanza senza dubbio importante, che conferma la difesa del ricorrente, posto che secondo l&#8217;art. <span style=\"color: #000000;\"><a style=\"color: #000000;\">2, comma 2<\/a>, <a style=\"color: #000000;\">TUIR<\/a> <\/span>sono considerate residenti in Italia le persone fisiche che per la maggior parte dell&#8217;anno e, dunque, per almeno 183 giorni, anche se non iscritte nell&#8217;anagrafe della popolazione residente, hanno in Italia la dimora abituale o il domicilio.<\/strong><\/p>\n<\/blockquote>\n<p class=\"sent_normal\" style=\"text-align: justify;\">Per queste ragioni, la Commissione accoglie il ricorso ed annulla l&#8217;accertamento impugnato. Alla soccombenza dell&#8217;Ufficio, segue la sua condanna al rimborso delle spese del processo che si liquidano, considerata l&#8217;attivit\u00e0 difensiva svolta, in Euro 2.500,00 (duemilacinquecento \/ 00).<\/p>\n<h4><span class=\"ez-toc-section\" id=\"esterovestizione-avviso-di-accertamento-3\"><\/span><strong>ESTEROVESTIZIONE AVVISO DI ACCERTAMENTO<\/strong><span class=\"ez-toc-section-end\"><\/span><\/h4>\n<p style=\"text-align: justify;\">Questa decisione dimostra, al di l\u00e0 di ogni ragionevole dubbio che, qualora un contribuente decida di trasferirsi in un paese a fiscalit\u00e0 privilegiata, rispetto all&#8217;Italia, ed adempia in maniera pedissequa a tutte le norme nazionali ed internazionali che regolamentano la materia, detto trasferimento, o l&#8217;eventuale <strong><span style=\"color: #ff0000;\"><a style=\"color: #ff0000;\" href=\"https:\/\/www.avvocatobertaggia.org\/diritto-societario-internazionale\/costituzione-societa-estera.html\" target=\"_blank\" rel=\"noopener noreferrer\">costituzione di societ\u00e0 estera<\/a><\/span><\/strong> volta all&#8217;effettuazione dell&#8217;attivit\u00e0 economica dell&#8217;espatriato, tale decisione sia perfettamente legittima ed inoppugnabile.<\/p>\n<p style=\"text-align: justify;\">Chiaramente \u00e8 sempre consigliabile rivolgersi ad esperti <strong><span style=\"color: #ff0000;\"><a style=\"color: #ff0000;\" href=\"https:\/\/www.avvocatobertaggia.org\/diritto-societario-internazionale.html\" target=\"_blank\" rel=\"noopener noreferrer\">professionisti del settore<\/a><\/span><\/strong>, in modo tale che tutte le attivit\u00e0 sia prodromiche, che successive al trasferimento, siano sempre effettuate nell&#8217;assoluta conformit\u00e0 alla legislazione vigente. Non bisogna mai dimenticare, infatti, che a fronte dei vantaggi del trasferimento all&#8217;estero e dell&#8217;internazionalizzazione delle attivit\u00e0 e delle imprese, deve corrispondere un reale trasferimento estero. Bisogna assolutamente evitare ogni attivit\u00e0 fittizia di finto trasferimento all&#8217;estero, a fini esclusivi di elusione o evasione fiscale, atteso che tali comportamenti sarnno scoperti dall&#8217;Autorit\u00e0 e saranno forieri di importanti sanzioni, anche penali, in capo all&#8217;incauto contribuente.<\/p>\n<blockquote>\n<p style=\"text-align: center;\"><strong>Informarsi sempre da un professionista esperto di diritto societario internazionale prima di effettuare ogni attivit\u00e0 di trasferimento personale o societario all&#8217;estero.<\/strong><\/p>\n<p>&nbsp;<\/p><\/blockquote>\n<p class=\"sent_normal\" style=\"text-align: center;\"><div class=\"su-button-center\"><a href=\"https:\/\/live.vcita.com\/site\/avvocatobertaggia\" class=\"su-button su-button-style-default su-button-wide\" style=\"color:#FFFFFF;background-color:#ef2d4a;border-color:#c0243c;border-radius:7px\" target=\"_self\"><span style=\"color:#FFFFFF;padding:7px 20px;font-size:16px;line-height:24px;border-color:#f46c81;border-radius:7px;text-shadow:none\"><i class=\"sui sui-balance-scale\" style=\"font-size:16px;color:#FFFFFF\"><\/i> Desideri informazioni in ambito di esterovestizione? Contatta i nostri avvocati. Clicca<\/span><\/a><\/div>\n<p><img decoding=\"async\" class=\"size-medium wp-image-40075 aligncenter lazyload\" data-src=\"https:\/\/www.avvocatobertaggia.com\/blog\/wp-content\/uploads\/2020\/11\/logo-avv-bertaggia-300x71.png\" alt=\"\" width=\"300\" height=\"71\" data-srcset=\"https:\/\/www.avvocatobertaggia.com\/blog\/wp-content\/uploads\/2020\/11\/logo-avv-bertaggia-300x71.png 300w, https:\/\/www.avvocatobertaggia.com\/blog\/wp-content\/uploads\/2020\/11\/logo-avv-bertaggia.png 500w\" data-sizes=\"(max-width: 300px) 100vw, 300px\" src=\"data:image\/svg+xml;base64,PHN2ZyB3aWR0aD0iMSIgaGVpZ2h0PSIxIiB4bWxucz0iaHR0cDovL3d3dy53My5vcmcvMjAwMC9zdmciPjwvc3ZnPg==\" style=\"--smush-placeholder-width: 300px; --smush-placeholder-aspect-ratio: 300\/71;\" \/><\/p>\n<p>\u00a9 Riproduzione riservata<br \/>\nNOTE OBBLIGATORIE per la citazione o riproduzione degli articoli e dei documenti pubblicati in www.avvocatobertaggia.com\/blog<br \/>\n\u00c8 consentito il solo link dal proprio sito alla pagina di www.avvocatobertaggia.com\/blog che contiene l&#8217;articolo di interesse.<br \/>\n\u00c8 vietato che l&#8217;intero articolo sia copiato in altro sito; anche in caso di pubblicazione di un estratto parziale \u00e8 sempre obbligatoria l&#8217;indicazione della fonte e l&#8217;inserimento di un link diretto alla pagina di www.avvocatobertaggia.com\/blog che contiene l&#8217;articolo.<br \/>\nPer la citazione in Libri, Riviste, Tesi di laurea, e ogni diversa pubblicazione, online o cartacea, di articoli (o estratti di articoli) pubblicati in www.avvocatobertaggia.com\/blog \u00e8 obbligatoria l&#8217;indicazione della fonte, nel modo che segue:<br \/>\nAutore. Studio Legale Internazionale Bertaggia &#8211; Titolo &#8211; <strong>Esterovestizione avviso accertamento<\/strong> -, in <strong><span style=\"color: #ff0000;\"><a style=\"color: #ff0000;\" href=\"https:\/\/www.avvocatobertaggia.com\/blog\/\" target=\"_blank\" rel=\"noopener noreferrer\">www.avvocatobertaggia.com\/blog<\/a><\/span><\/strong><\/p>\n","protected":false},"excerpt":{"rendered":"<p>ESTEROVESTIZIONE AVVISO DI ACCERTAMENTO INFO LINE ESTEROVESTIZIONE PERSONA FISICA: +393483610420 Esterovestizione avviso di accertamento. Gentili Lettori. vi segnaliamo un&#8217;importante decisione della Commissione Tributaria Provinciale della Lombardia Sez. II\u00a0 25\/05\/2020, nel cui ambito il contribuente ha dimostrato l&#8217;illegittimit\u00e0 dell&#8217;accertamento effettuatogli dall&#8217;Agenzia delle Entrate per esterovestizione, a fronte di una permanenza nel territorio italiano di soli 67 [&hellip;]<\/p>\n","protected":false},"author":2,"featured_media":40151,"comment_status":"closed","ping_status":"closed","sticky":false,"template":"","format":"standard","meta":{"content-type":"","jnews-multi-image_gallery":[],"jnews_single_post":{"source_name":"","source_url":"","via_name":"","via_url":"","override_template":"0","override":[{"template":"1","single_blog_custom":"","parallax":"1","fullscreen":"0","layout":"right-sidebar","sidebar":"default-sidebar","second_sidebar":"default-sidebar","sticky_sidebar":"1","share_position":"top","share_float_style":"share-monocrhome","show_share_counter":"1","show_view_counter":"1","show_featured":"1","show_post_meta":"1","show_post_author":"1","show_post_author_image":"1","show_post_date":"1","post_date_format":"default","post_date_format_custom":"Y\/m\/d","show_post_category":"1","show_post_reading_time":"0","post_reading_time_wpm":"300","show_zoom_button":"0","zoom_button_out_step":"2","zoom_button_in_step":"3","show_post_tag":"1","show_prev_next_post":"1","show_popup_post":"1","number_popup_post":"1","show_author_box":"0","show_post_related":"0","show_inline_post_related":"0"}],"override_image_size":"0","image_override":[{"single_post_thumbnail_size":"crop-500","single_post_gallery_size":"crop-500"}],"trending_post":"0","trending_post_position":"meta","trending_post_label":"Trending","sponsored_post":"0","sponsored_post_label":"Sponsored by","sponsored_post_name":"","sponsored_post_url":"","sponsored_post_logo_enable":"0","sponsored_post_logo":"","sponsored_post_desc":""},"jnews_primary_category":{"id":""},"jnews_social_meta":[],"jnews_review":[],"enable_review":"","type":"","name":"","summary":"","brand":"","sku":"","good":[],"bad":[],"score_override":"","override_value":"","rating":[],"price":[],"jnews_override_counter":{"override_view_counter":"0","view_counter_number":"0","override_share_counter":"0","share_counter_number":"0","override_like_counter":"0","like_counter_number":"0","override_dislike_counter":"0","dislike_counter_number":"0"},"jnews_post_split":[],"footnotes":""},"categories":[6],"tags":[31,1748,166,1749,1751,700,1750,1288],"class_list":["post-40146","post","type-post","status-publish","format-standard","has-post-thumbnail","hentry","category-news-giuridico-finanziarie","tag-accertamenti-esterovestizione","tag-agenzia-delle-entrate","tag-avvocato-bertaggia","tag-commissione-tributaria-provinciale-della-lombardia-sez-ii-25-05-2020","tag-espatriato","tag-esterovestizione","tag-imposte-e-tasse","tag-residente-estero"],"yoast_head":"<!-- This site is optimized with the Yoast SEO plugin v27.5 - https:\/\/yoast.com\/product\/yoast-seo-wordpress\/ -->\n<title>Esterovestizione avviso accertamento - Avvocato Daniele Bertaggia Blog<\/title>\n<meta name=\"description\" content=\"Esterovestizione avviso accertamento. Illegittimo senza onere probatorio, gravante sull&#039;Ufficio, circa la sussistenza dell&#039; esterovestizione.\" \/>\n<meta name=\"robots\" content=\"index, follow, max-snippet:-1, max-image-preview:large, max-video-preview:-1\" \/>\n<link rel=\"canonical\" href=\"https:\/\/www.avvocatobertaggia.com\/blog\/esterovestizione-avviso-accertamento\/\" \/>\n<meta property=\"og:locale\" content=\"it_IT\" \/>\n<meta property=\"og:type\" content=\"article\" \/>\n<meta property=\"og:title\" content=\"Esterovestizione avviso accertamento - Avvocato Daniele Bertaggia Blog\" \/>\n<meta property=\"og:description\" content=\"Esterovestizione avviso accertamento. Illegittimo senza onere probatorio, gravante sull&#039;Ufficio, circa la sussistenza dell&#039; esterovestizione.\" \/>\n<meta property=\"og:url\" content=\"https:\/\/www.avvocatobertaggia.com\/blog\/esterovestizione-avviso-accertamento\/\" \/>\n<meta property=\"og:site_name\" content=\"Avvocato Daniele Bertaggia Blog\" \/>\n<meta property=\"article:publisher\" content=\"https:\/\/www.facebook.com\/avvocatodaniele.bertaggia\" \/>\n<meta property=\"article:author\" content=\"https:\/\/www.facebook.com\/avvocatodaniele.bertaggia\" \/>\n<meta property=\"article:published_time\" content=\"2020-11-07T15:32:11+00:00\" \/>\n<meta property=\"article:modified_time\" content=\"2020-11-07T16:04:04+00:00\" \/>\n<meta property=\"og:image\" content=\"https:\/\/www.avvocatobertaggia.com\/blog\/wp-content\/uploads\/2020\/11\/esterovestizione-avviso-accertamento.png\" \/>\n\t<meta property=\"og:image:width\" content=\"1200\" \/>\n\t<meta property=\"og:image:height\" content=\"692\" \/>\n\t<meta property=\"og:image:type\" content=\"image\/png\" \/>\n<meta name=\"author\" content=\"Avv. Daniele Bertaggia\" \/>\n<meta name=\"twitter:card\" content=\"summary_large_image\" \/>\n<meta name=\"twitter:creator\" content=\"@avv.bertaggia@avvocatobertaggia.com\" \/>\n<meta name=\"twitter:site\" content=\"@Avv_Bertaggia\" \/>\n<meta name=\"twitter:label1\" content=\"Scritto da\" \/>\n\t<meta name=\"twitter:data1\" content=\"Avv. Daniele Bertaggia\" \/>\n\t<meta name=\"twitter:label2\" content=\"Tempo di lettura stimato\" \/>\n\t<meta name=\"twitter:data2\" content=\"9 minuti\" \/>\n<script type=\"application\/ld+json\" class=\"yoast-schema-graph\">{\"@context\":\"https:\\\/\\\/schema.org\",\"@graph\":[{\"@type\":\"Article\",\"@id\":\"https:\\\/\\\/www.avvocatobertaggia.com\\\/blog\\\/esterovestizione-avviso-accertamento\\\/#article\",\"isPartOf\":{\"@id\":\"https:\\\/\\\/www.avvocatobertaggia.com\\\/blog\\\/esterovestizione-avviso-accertamento\\\/\"},\"author\":{\"name\":\"Avv. Daniele Bertaggia\",\"@id\":\"https:\\\/\\\/www.avvocatobertaggia.com\\\/blog\\\/#\\\/schema\\\/person\\\/0bc74bfe28d66c6f5af334f86ed80b3e\"},\"headline\":\"Esterovestizione avviso accertamento\",\"datePublished\":\"2020-11-07T15:32:11+00:00\",\"dateModified\":\"2020-11-07T16:04:04+00:00\",\"mainEntityOfPage\":{\"@id\":\"https:\\\/\\\/www.avvocatobertaggia.com\\\/blog\\\/esterovestizione-avviso-accertamento\\\/\"},\"wordCount\":1764,\"publisher\":{\"@id\":\"https:\\\/\\\/www.avvocatobertaggia.com\\\/blog\\\/#organization\"},\"image\":{\"@id\":\"https:\\\/\\\/www.avvocatobertaggia.com\\\/blog\\\/esterovestizione-avviso-accertamento\\\/#primaryimage\"},\"thumbnailUrl\":\"https:\\\/\\\/www.avvocatobertaggia.com\\\/blog\\\/wp-content\\\/uploads\\\/2020\\\/11\\\/esterovestizione-avviso-accertamento.png\",\"keywords\":[\"Accertamenti esterovestizione\",\"Agenzia delle Entrate\",\"avvocato bertaggia\",\"Commissione Tributaria Provinciale della Lombardia Sez. II\u00a0 25\\\/05\\\/2020\",\"espatriato\",\"esterovestizione\",\"imposte e tasse\",\"residente estero\"],\"articleSection\":[\"News giuridico finanziarie\"],\"inLanguage\":\"it-IT\"},{\"@type\":\"WebPage\",\"@id\":\"https:\\\/\\\/www.avvocatobertaggia.com\\\/blog\\\/esterovestizione-avviso-accertamento\\\/\",\"url\":\"https:\\\/\\\/www.avvocatobertaggia.com\\\/blog\\\/esterovestizione-avviso-accertamento\\\/\",\"name\":\"Esterovestizione avviso accertamento - Avvocato Daniele Bertaggia Blog\",\"isPartOf\":{\"@id\":\"https:\\\/\\\/www.avvocatobertaggia.com\\\/blog\\\/#website\"},\"primaryImageOfPage\":{\"@id\":\"https:\\\/\\\/www.avvocatobertaggia.com\\\/blog\\\/esterovestizione-avviso-accertamento\\\/#primaryimage\"},\"image\":{\"@id\":\"https:\\\/\\\/www.avvocatobertaggia.com\\\/blog\\\/esterovestizione-avviso-accertamento\\\/#primaryimage\"},\"thumbnailUrl\":\"https:\\\/\\\/www.avvocatobertaggia.com\\\/blog\\\/wp-content\\\/uploads\\\/2020\\\/11\\\/esterovestizione-avviso-accertamento.png\",\"datePublished\":\"2020-11-07T15:32:11+00:00\",\"dateModified\":\"2020-11-07T16:04:04+00:00\",\"description\":\"Esterovestizione avviso accertamento. Illegittimo senza onere probatorio, gravante sull'Ufficio, circa la sussistenza dell' esterovestizione.\",\"inLanguage\":\"it-IT\",\"potentialAction\":[{\"@type\":\"ReadAction\",\"target\":[\"https:\\\/\\\/www.avvocatobertaggia.com\\\/blog\\\/esterovestizione-avviso-accertamento\\\/\"]}]},{\"@type\":\"ImageObject\",\"inLanguage\":\"it-IT\",\"@id\":\"https:\\\/\\\/www.avvocatobertaggia.com\\\/blog\\\/esterovestizione-avviso-accertamento\\\/#primaryimage\",\"url\":\"https:\\\/\\\/www.avvocatobertaggia.com\\\/blog\\\/wp-content\\\/uploads\\\/2020\\\/11\\\/esterovestizione-avviso-accertamento.png\",\"contentUrl\":\"https:\\\/\\\/www.avvocatobertaggia.com\\\/blog\\\/wp-content\\\/uploads\\\/2020\\\/11\\\/esterovestizione-avviso-accertamento.png\",\"width\":1200,\"height\":692,\"caption\":\"esterovestizione avviso accertamento\"},{\"@type\":\"WebSite\",\"@id\":\"https:\\\/\\\/www.avvocatobertaggia.com\\\/blog\\\/#website\",\"url\":\"https:\\\/\\\/www.avvocatobertaggia.com\\\/blog\\\/\",\"name\":\"Avvocato Daniele Bertaggia Blog\",\"description\":\"News giuridiche, fiscali, finanziarie, penali, con riguardo al panorama internazionale.\",\"publisher\":{\"@id\":\"https:\\\/\\\/www.avvocatobertaggia.com\\\/blog\\\/#organization\"},\"potentialAction\":[{\"@type\":\"SearchAction\",\"target\":{\"@type\":\"EntryPoint\",\"urlTemplate\":\"https:\\\/\\\/www.avvocatobertaggia.com\\\/blog\\\/?s={search_term_string}\"},\"query-input\":{\"@type\":\"PropertyValueSpecification\",\"valueRequired\":true,\"valueName\":\"search_term_string\"}}],\"inLanguage\":\"it-IT\"},{\"@type\":\"Organization\",\"@id\":\"https:\\\/\\\/www.avvocatobertaggia.com\\\/blog\\\/#organization\",\"name\":\"Avvocato Bertaggia Blog\",\"url\":\"https:\\\/\\\/www.avvocatobertaggia.com\\\/blog\\\/\",\"logo\":{\"@type\":\"ImageObject\",\"inLanguage\":\"it-IT\",\"@id\":\"https:\\\/\\\/www.avvocatobertaggia.com\\\/blog\\\/#\\\/schema\\\/logo\\\/image\\\/\",\"url\":\"https:\\\/\\\/www.avvocatobertaggia.com\\\/blog\\\/wp-content\\\/uploads\\\/2020\\\/10\\\/logo-avvocato-bertaggia-blog.png\",\"contentUrl\":\"https:\\\/\\\/www.avvocatobertaggia.com\\\/blog\\\/wp-content\\\/uploads\\\/2020\\\/10\\\/logo-avvocato-bertaggia-blog.png\",\"width\":748,\"height\":150,\"caption\":\"Avvocato Bertaggia Blog\"},\"image\":{\"@id\":\"https:\\\/\\\/www.avvocatobertaggia.com\\\/blog\\\/#\\\/schema\\\/logo\\\/image\\\/\"},\"sameAs\":[\"https:\\\/\\\/www.facebook.com\\\/avvocatodaniele.bertaggia\",\"https:\\\/\\\/x.com\\\/Avv_Bertaggia\",\"https:\\\/\\\/www.instagram.com\\\/studiolegaleinternazionale_db\\\/\",\"https:\\\/\\\/www.linkedin.com\\\/in\\\/daniele-bertaggia-avvocato-internazionale\\\/\",\"https:\\\/\\\/www.youtube.com\\\/channel\\\/UCJ9a6WsXqvePkNFKYTWOs-g\"]},{\"@type\":\"Person\",\"@id\":\"https:\\\/\\\/www.avvocatobertaggia.com\\\/blog\\\/#\\\/schema\\\/person\\\/0bc74bfe28d66c6f5af334f86ed80b3e\",\"name\":\"Avv. Daniele Bertaggia\",\"image\":{\"@type\":\"ImageObject\",\"inLanguage\":\"it-IT\",\"@id\":\"https:\\\/\\\/www.avvocatobertaggia.com\\\/blog\\\/wp-content\\\/uploads\\\/2020\\\/10\\\/bertaggia-150x150.jpeg\",\"url\":\"https:\\\/\\\/www.avvocatobertaggia.com\\\/blog\\\/wp-content\\\/uploads\\\/2020\\\/10\\\/bertaggia-150x150.jpeg\",\"contentUrl\":\"https:\\\/\\\/www.avvocatobertaggia.com\\\/blog\\\/wp-content\\\/uploads\\\/2020\\\/10\\\/bertaggia-150x150.jpeg\",\"caption\":\"Avv. Daniele Bertaggia\"},\"description\":\"Avvocato dal 1993, Cassazionista dal 2009. Collaboro con imprenditori e professionisti nella pianificazione fiscale e nella creazione di societ\u00e0 estere. Mi occupo anche di penale internazionale ed italiano. Coadiuvo uno Studio con numerosi collaboratori professionisti, sia avvocati che commercialisti. Se hai una questione giuridica da risolvere, contattami, trover\u00f2 le risposte legali adeguate.\",\"sameAs\":[\"https:\\\/\\\/www.avvocatobertaggia.org\\\/\",\"https:\\\/\\\/www.facebook.com\\\/avvocatodaniele.bertaggia\",\"studiolegaleinternazionale_db\",\"https:\\\/\\\/www.linkedin.com\\\/in\\\/daniele-bertaggia-avvocato-internazionale\\\/\",\"https:\\\/\\\/x.com\\\/avv.bertaggia@avvocatobertaggia.com\",\"https:\\\/\\\/www.youtube.com\\\/c\\\/DanieleBertaggia-avvocato\"]}]}<\/script>\n<!-- \/ Yoast SEO plugin. -->","yoast_head_json":{"title":"Esterovestizione avviso accertamento - Avvocato Daniele Bertaggia Blog","description":"Esterovestizione avviso accertamento. Illegittimo senza onere probatorio, gravante sull'Ufficio, circa la sussistenza dell' esterovestizione.","robots":{"index":"index","follow":"follow","max-snippet":"max-snippet:-1","max-image-preview":"max-image-preview:large","max-video-preview":"max-video-preview:-1"},"canonical":"https:\/\/www.avvocatobertaggia.com\/blog\/esterovestizione-avviso-accertamento\/","og_locale":"it_IT","og_type":"article","og_title":"Esterovestizione avviso accertamento - Avvocato Daniele Bertaggia Blog","og_description":"Esterovestizione avviso accertamento. Illegittimo senza onere probatorio, gravante sull'Ufficio, circa la sussistenza dell' esterovestizione.","og_url":"https:\/\/www.avvocatobertaggia.com\/blog\/esterovestizione-avviso-accertamento\/","og_site_name":"Avvocato Daniele Bertaggia Blog","article_publisher":"https:\/\/www.facebook.com\/avvocatodaniele.bertaggia","article_author":"https:\/\/www.facebook.com\/avvocatodaniele.bertaggia","article_published_time":"2020-11-07T15:32:11+00:00","article_modified_time":"2020-11-07T16:04:04+00:00","og_image":[{"width":1200,"height":692,"url":"https:\/\/www.avvocatobertaggia.com\/blog\/wp-content\/uploads\/2020\/11\/esterovestizione-avviso-accertamento.png","type":"image\/png"}],"author":"Avv. Daniele Bertaggia","twitter_card":"summary_large_image","twitter_creator":"@avv.bertaggia@avvocatobertaggia.com","twitter_site":"@Avv_Bertaggia","twitter_misc":{"Scritto da":"Avv. Daniele Bertaggia","Tempo di lettura stimato":"9 minuti"},"schema":{"@context":"https:\/\/schema.org","@graph":[{"@type":"Article","@id":"https:\/\/www.avvocatobertaggia.com\/blog\/esterovestizione-avviso-accertamento\/#article","isPartOf":{"@id":"https:\/\/www.avvocatobertaggia.com\/blog\/esterovestizione-avviso-accertamento\/"},"author":{"name":"Avv. Daniele Bertaggia","@id":"https:\/\/www.avvocatobertaggia.com\/blog\/#\/schema\/person\/0bc74bfe28d66c6f5af334f86ed80b3e"},"headline":"Esterovestizione avviso accertamento","datePublished":"2020-11-07T15:32:11+00:00","dateModified":"2020-11-07T16:04:04+00:00","mainEntityOfPage":{"@id":"https:\/\/www.avvocatobertaggia.com\/blog\/esterovestizione-avviso-accertamento\/"},"wordCount":1764,"publisher":{"@id":"https:\/\/www.avvocatobertaggia.com\/blog\/#organization"},"image":{"@id":"https:\/\/www.avvocatobertaggia.com\/blog\/esterovestizione-avviso-accertamento\/#primaryimage"},"thumbnailUrl":"https:\/\/www.avvocatobertaggia.com\/blog\/wp-content\/uploads\/2020\/11\/esterovestizione-avviso-accertamento.png","keywords":["Accertamenti esterovestizione","Agenzia delle Entrate","avvocato bertaggia","Commissione Tributaria Provinciale della Lombardia Sez. II\u00a0 25\/05\/2020","espatriato","esterovestizione","imposte e tasse","residente estero"],"articleSection":["News giuridico finanziarie"],"inLanguage":"it-IT"},{"@type":"WebPage","@id":"https:\/\/www.avvocatobertaggia.com\/blog\/esterovestizione-avviso-accertamento\/","url":"https:\/\/www.avvocatobertaggia.com\/blog\/esterovestizione-avviso-accertamento\/","name":"Esterovestizione avviso accertamento - Avvocato Daniele Bertaggia Blog","isPartOf":{"@id":"https:\/\/www.avvocatobertaggia.com\/blog\/#website"},"primaryImageOfPage":{"@id":"https:\/\/www.avvocatobertaggia.com\/blog\/esterovestizione-avviso-accertamento\/#primaryimage"},"image":{"@id":"https:\/\/www.avvocatobertaggia.com\/blog\/esterovestizione-avviso-accertamento\/#primaryimage"},"thumbnailUrl":"https:\/\/www.avvocatobertaggia.com\/blog\/wp-content\/uploads\/2020\/11\/esterovestizione-avviso-accertamento.png","datePublished":"2020-11-07T15:32:11+00:00","dateModified":"2020-11-07T16:04:04+00:00","description":"Esterovestizione avviso accertamento. Illegittimo senza onere probatorio, gravante sull'Ufficio, circa la sussistenza dell' esterovestizione.","inLanguage":"it-IT","potentialAction":[{"@type":"ReadAction","target":["https:\/\/www.avvocatobertaggia.com\/blog\/esterovestizione-avviso-accertamento\/"]}]},{"@type":"ImageObject","inLanguage":"it-IT","@id":"https:\/\/www.avvocatobertaggia.com\/blog\/esterovestizione-avviso-accertamento\/#primaryimage","url":"https:\/\/www.avvocatobertaggia.com\/blog\/wp-content\/uploads\/2020\/11\/esterovestizione-avviso-accertamento.png","contentUrl":"https:\/\/www.avvocatobertaggia.com\/blog\/wp-content\/uploads\/2020\/11\/esterovestizione-avviso-accertamento.png","width":1200,"height":692,"caption":"esterovestizione avviso accertamento"},{"@type":"WebSite","@id":"https:\/\/www.avvocatobertaggia.com\/blog\/#website","url":"https:\/\/www.avvocatobertaggia.com\/blog\/","name":"Avvocato Daniele Bertaggia Blog","description":"News giuridiche, fiscali, finanziarie, penali, con riguardo al panorama internazionale.","publisher":{"@id":"https:\/\/www.avvocatobertaggia.com\/blog\/#organization"},"potentialAction":[{"@type":"SearchAction","target":{"@type":"EntryPoint","urlTemplate":"https:\/\/www.avvocatobertaggia.com\/blog\/?s={search_term_string}"},"query-input":{"@type":"PropertyValueSpecification","valueRequired":true,"valueName":"search_term_string"}}],"inLanguage":"it-IT"},{"@type":"Organization","@id":"https:\/\/www.avvocatobertaggia.com\/blog\/#organization","name":"Avvocato Bertaggia Blog","url":"https:\/\/www.avvocatobertaggia.com\/blog\/","logo":{"@type":"ImageObject","inLanguage":"it-IT","@id":"https:\/\/www.avvocatobertaggia.com\/blog\/#\/schema\/logo\/image\/","url":"https:\/\/www.avvocatobertaggia.com\/blog\/wp-content\/uploads\/2020\/10\/logo-avvocato-bertaggia-blog.png","contentUrl":"https:\/\/www.avvocatobertaggia.com\/blog\/wp-content\/uploads\/2020\/10\/logo-avvocato-bertaggia-blog.png","width":748,"height":150,"caption":"Avvocato Bertaggia Blog"},"image":{"@id":"https:\/\/www.avvocatobertaggia.com\/blog\/#\/schema\/logo\/image\/"},"sameAs":["https:\/\/www.facebook.com\/avvocatodaniele.bertaggia","https:\/\/x.com\/Avv_Bertaggia","https:\/\/www.instagram.com\/studiolegaleinternazionale_db\/","https:\/\/www.linkedin.com\/in\/daniele-bertaggia-avvocato-internazionale\/","https:\/\/www.youtube.com\/channel\/UCJ9a6WsXqvePkNFKYTWOs-g"]},{"@type":"Person","@id":"https:\/\/www.avvocatobertaggia.com\/blog\/#\/schema\/person\/0bc74bfe28d66c6f5af334f86ed80b3e","name":"Avv. Daniele Bertaggia","image":{"@type":"ImageObject","inLanguage":"it-IT","@id":"https:\/\/www.avvocatobertaggia.com\/blog\/wp-content\/uploads\/2020\/10\/bertaggia-150x150.jpeg","url":"https:\/\/www.avvocatobertaggia.com\/blog\/wp-content\/uploads\/2020\/10\/bertaggia-150x150.jpeg","contentUrl":"https:\/\/www.avvocatobertaggia.com\/blog\/wp-content\/uploads\/2020\/10\/bertaggia-150x150.jpeg","caption":"Avv. Daniele Bertaggia"},"description":"Avvocato dal 1993, Cassazionista dal 2009. Collaboro con imprenditori e professionisti nella pianificazione fiscale e nella creazione di societ\u00e0 estere. Mi occupo anche di penale internazionale ed italiano. Coadiuvo uno Studio con numerosi collaboratori professionisti, sia avvocati che commercialisti. Se hai una questione giuridica da risolvere, contattami, trover\u00f2 le risposte legali adeguate.","sameAs":["https:\/\/www.avvocatobertaggia.org\/","https:\/\/www.facebook.com\/avvocatodaniele.bertaggia","studiolegaleinternazionale_db","https:\/\/www.linkedin.com\/in\/daniele-bertaggia-avvocato-internazionale\/","https:\/\/x.com\/avv.bertaggia@avvocatobertaggia.com","https:\/\/www.youtube.com\/c\/DanieleBertaggia-avvocato"]}]}},"_links":{"self":[{"href":"https:\/\/www.avvocatobertaggia.com\/blog\/wp-json\/wp\/v2\/posts\/40146","targetHints":{"allow":["GET"]}}],"collection":[{"href":"https:\/\/www.avvocatobertaggia.com\/blog\/wp-json\/wp\/v2\/posts"}],"about":[{"href":"https:\/\/www.avvocatobertaggia.com\/blog\/wp-json\/wp\/v2\/types\/post"}],"author":[{"embeddable":true,"href":"https:\/\/www.avvocatobertaggia.com\/blog\/wp-json\/wp\/v2\/users\/2"}],"replies":[{"embeddable":true,"href":"https:\/\/www.avvocatobertaggia.com\/blog\/wp-json\/wp\/v2\/comments?post=40146"}],"version-history":[{"count":6,"href":"https:\/\/www.avvocatobertaggia.com\/blog\/wp-json\/wp\/v2\/posts\/40146\/revisions"}],"predecessor-version":[{"id":40153,"href":"https:\/\/www.avvocatobertaggia.com\/blog\/wp-json\/wp\/v2\/posts\/40146\/revisions\/40153"}],"wp:featuredmedia":[{"embeddable":true,"href":"https:\/\/www.avvocatobertaggia.com\/blog\/wp-json\/wp\/v2\/media\/40151"}],"wp:attachment":[{"href":"https:\/\/www.avvocatobertaggia.com\/blog\/wp-json\/wp\/v2\/media?parent=40146"}],"wp:term":[{"taxonomy":"category","embeddable":true,"href":"https:\/\/www.avvocatobertaggia.com\/blog\/wp-json\/wp\/v2\/categories?post=40146"},{"taxonomy":"post_tag","embeddable":true,"href":"https:\/\/www.avvocatobertaggia.com\/blog\/wp-json\/wp\/v2\/tags?post=40146"}],"curies":[{"name":"wp","href":"https:\/\/api.w.org\/{rel}","templated":true}]}}