{"id":40208,"date":"2020-11-28T15:08:40","date_gmt":"2020-11-28T15:08:40","guid":{"rendered":"https:\/\/www.avvocatobertaggia.com\/blog\/?p=40208"},"modified":"2021-01-14T15:26:59","modified_gmt":"2021-01-14T15:26:59","slug":"appello-custodia-cautelare-allungati-i-termini","status":"publish","type":"post","link":"https:\/\/www.avvocatobertaggia.com\/blog\/appello-custodia-cautelare-allungati-i-termini\/","title":{"rendered":"Appello custodia cautelare, allungati i termini."},"content":{"rendered":"<h1 style=\"text-align: center;\"><span class=\"ez-toc-section\" id=\"appello-custodia-cautelare-allungati-i-termini\"><\/span><strong>APPELLO CUSTODIA CAUTELARE: ALLUNGATI I TERMINI<\/strong><span class=\"ez-toc-section-end\"><\/span><\/h1><div id=\"ez-toc-container\" class=\"ez-toc-v2_0_82_2 counter-hierarchy ez-toc-counter ez-toc-custom ez-toc-container-direction\">\n<div class=\"ez-toc-title-container\">\n<p class=\"ez-toc-title\" style=\"cursor:inherit\">Contenuti dell&#039;articolo<\/p>\n<span class=\"ez-toc-title-toggle\"><a href=\"#\" class=\"ez-toc-pull-right ez-toc-btn ez-toc-btn-xs ez-toc-btn-default ez-toc-toggle\" aria-label=\"Toggle Table of Content\"><span class=\"ez-toc-js-icon-con\"><span class=\"\"><span class=\"eztoc-hide\" style=\"display:none;\">Toggle<\/span><span class=\"ez-toc-icon-toggle-span\"><svg style=\"fill: #000000;color:#000000\" xmlns=\"http:\/\/www.w3.org\/2000\/svg\" class=\"list-377408\" width=\"20px\" height=\"20px\" viewBox=\"0 0 24 24\" fill=\"none\"><path d=\"M6 6H4v2h2V6zm14 0H8v2h12V6zM4 11h2v2H4v-2zm16 0H8v2h12v-2zM4 16h2v2H4v-2zm16 0H8v2h12v-2z\" fill=\"currentColor\"><\/path><\/svg><svg style=\"fill: #000000;color:#000000\" class=\"arrow-unsorted-368013\" xmlns=\"http:\/\/www.w3.org\/2000\/svg\" width=\"10px\" height=\"10px\" viewBox=\"0 0 24 24\" version=\"1.2\" baseProfile=\"tiny\"><path d=\"M18.2 9.3l-6.2-6.3-6.2 6.3c-.2.2-.3.4-.3.7s.1.5.3.7c.2.2.4.3.7.3h11c.3 0 .5-.1.7-.3.2-.2.3-.5.3-.7s-.1-.5-.3-.7zM5.8 14.7l6.2 6.3 6.2-6.3c.2-.2.3-.5.3-.7s-.1-.5-.3-.7c-.2-.2-.4-.3-.7-.3h-11c-.3 0-.5.1-.7.3-.2.2-.3.5-.3.7s.1.5.3.7z\"\/><\/svg><\/span><\/span><\/span><\/a><\/span><\/div>\n<nav><ul class='ez-toc-list ez-toc-list-level-1 eztoc-toggle-hide-by-default' ><li class='ez-toc-page-1 ez-toc-heading-level-1'><a class=\"ez-toc-link ez-toc-heading-1\" href=\"https:\/\/www.avvocatobertaggia.com\/blog\/appello-custodia-cautelare-allungati-i-termini\/#appello-custodia-cautelare-allungati-i-termini\" >APPELLO CUSTODIA CAUTELARE: ALLUNGATI I TERMINI<\/a><ul class='ez-toc-list-level-4' ><li class='ez-toc-heading-level-4'><ul class='ez-toc-list-level-4' ><li class='ez-toc-heading-level-4'><ul class='ez-toc-list-level-4' ><li class='ez-toc-heading-level-4'><a class=\"ez-toc-link ez-toc-heading-2\" href=\"https:\/\/www.avvocatobertaggia.com\/blog\/appello-custodia-cautelare-allungati-i-termini\/#info-line-avvocato-penalista-393483610420\" >INFO LINE AVVOCATO PENALISTA: +393483610420<\/a><\/li><\/ul><\/li><li class='ez-toc-page-1 ez-toc-heading-level-3'><a class=\"ez-toc-link ez-toc-heading-3\" href=\"https:\/\/www.avvocatobertaggia.com\/blog\/appello-custodia-cautelare-allungati-i-termini\/#appello-custodia-cautelare-allungati-i-termini-le-conseguenze\" >APPELLO CUSTODIA CAUTELARE, ALLUNGATI I TERMINI. LE CONSEGUENZE<\/a><ul class='ez-toc-list-level-4' ><li class='ez-toc-heading-level-4'><a class=\"ez-toc-link ez-toc-heading-4\" href=\"https:\/\/www.avvocatobertaggia.com\/blog\/appello-custodia-cautelare-allungati-i-termini\/#info-line-avvocato-penalista-393483610420-2\" >INFO LINE AVVOCATO PENALISTA: +393483610420<\/a><\/li><\/ul><\/li><\/ul><\/li><\/ul><\/li><\/ul><\/nav><\/div>\n\n<h4 style=\"text-align: center;\"><span class=\"ez-toc-section\" id=\"info-line-avvocato-penalista-393483610420\"><\/span>INFO LINE AVVOCATO PENALISTA: <a href=\"tel:+393483610420\"><span style=\"color: #ff0000;\">+393483610420<\/span><\/a><span class=\"ez-toc-section-end\"><\/span><\/h4>\n<p>Appello custodia cutelare, allungati i termini. Il processo non sar\u00e0 pi\u00f9 giusto.<\/p>\n<p>Articolo a cura dell<strong>&#8216;<a href=\"https:\/\/www.avvocatobertaggia.org\/-studio-legale-internazionale-bertaggia.html\"><span style=\"color: #ff0000;\">Avvocato Bertaggia di Ferrara<\/span><\/a><\/strong><\/p>\n<p style=\"text-align: justify;\">In periodo di emergenza COVID19, due misure relative alla giustizia sono previste dal decreto Ristori Bis per evitare l\u2019estinzione del processo e persone fuori dal carcere prima del tempo.<\/p>\n<blockquote>\n<p style=\"text-align: left;\"><strong>Quindi, appello senza l\u2019intervento dei pm e dei difensori; sospensione del corso della prescrizione e dei termini di custodia cautelare nei procedimenti penali.<\/strong><\/p>\n<\/blockquote>\n<p style=\"text-align: justify;\">L\u2019avvocatura accoglie questa notizia come la soppressione del <strong>giusto processo<\/strong>, in cui il <strong>processo d\u2019appello<\/strong> \u00e8 ridotto ad un banale passaggio di carte, bench\u00e9 sia prevista la facolt\u00e0 di richiedere una discussione orale che, purtroppo, in mancanza di norme tecniche, sarebbe di fatto impossibile.<\/p>\n<p style=\"text-align: justify;\">Quindi, fino alla fine dell\u2019emergenza Covid-19 e fuori dai casi di rinnovazione dell\u2019istruzione dibattimentale, all\u2019 Art. 10 il Decreto Legge stabilisce che la decisione sugli appelli proposti contro le sentenze di primo grado si proceder\u00e0 in camera di consiglio \u201c<em>senza l\u2019intervento del pm e dei difensori, salvo che una delle parti private o il pm faccia richiesta di discussione orale o che l\u2019imputato manifesti la volont\u00e0 di comparire<\/em>\u201d.<\/p>\n<p style=\"text-align: justify;\">Il pm \u00e8 tenuto, entro dieci giorni prima dell\u2019udienza, a trasmettere le proprie conclusioni alla cancelleria della Corte d\u2019Appello per via telematica o attraverso sistemi \u201c<em>che saranno resi disponibili ed individuati con provvedimento del direttore generale dei sistemi informativi e automatizzati<\/em>\u201d.<\/p>\n<p style=\"text-align: justify;\">Avvenuta la ricezione, la cancelleria invier\u00e0 l\u2019atto ai difensori delle altre parti che, almeno cinque giorni prima dell\u2019udienza, potranno presentare le conclusioni con atto scritto per via telematica.<\/p>\n<p style=\"text-align: justify;\">Entro 25 \u201c<em>giorni liberi<\/em>\u201d prima dell\u2019udienza, il pm o il difensore potr\u00e0 formulare per iscritto la richiesta di discussione orale; questo stesso termine viene stabilito anche per la richiesta di partecipazione all\u2019udienza da parte dell\u2019imputato.<\/p>\n<h3><span class=\"ez-toc-section\" id=\"appello-custodia-cautelare-allungati-i-termini-le-conseguenze\"><\/span><strong>APPELLO CUSTODIA CAUTELARE, ALLUNGATI I TERMINI. LE CONSEGUENZE<\/strong><span class=\"ez-toc-section-end\"><\/span><\/h3>\n<p style=\"text-align: justify;\">I <strong><span style=\"color: #ff0000;\"><a style=\"color: #ff0000;\" href=\"https:\/\/www.avvocatobertaggia.org\/avvocato-penalista-ferrara-diritto-penale.html\" target=\"_blank\" rel=\"noopener noreferrer\">penalisti<\/a><\/span><\/strong> fanno notare per\u00f2 che tutto questo entra in conflitto con il termine previsto per la notifica della citazione in appello, che \u00e8 di 20 giorni.<\/p>\n<p style=\"text-align: justify;\">Le udienze fissate entro i 15 giorni dall\u2019entrata in vigore del decreto sono escluse da tali disposizioni.<\/p>\n<p style=\"text-align: justify;\">Dal sedicesimo al trentesimo giorno, la richiesta di discussione orale o di partecipazione dell\u2019imputato all\u2019udienza, potranno essere formulate \u201c<em>entro il termine perentorio di 5 giorni dall\u2019entrata in vigore del presente decreto<\/em>\u201d.<\/p>\n<p>Queste disposizioni, ad esempio in materia di <strong><span style=\"color: #ff0000;\"><a style=\"color: #ff0000;\" href=\"https:\/\/www.avvocatobertaggia.com\/blog\/reati-fiscali-2020\/\" target=\"_blank\" rel=\"noopener noreferrer\">reati fiscali<\/a><\/span><\/strong>, possono allungare indefinitivamente i processi.<\/p>\n<p style=\"text-align: justify;\">Tutte queste misure sono state adottate al fine di diminuire gli accessi fisici negli uffici giudiziari e relative cancellerie, consentendo lo svolgimento dell\u2019attivit\u00e0 giurisdizionale nel grado di appello, non tenendo conto del ben pi\u00f9 critico accumulo di arretrato, con la previsione di vedere \u201c<em>cartolarizzate<\/em>\u201d le udienze, cos\u00ec come gi\u00e0 sperimentato in Cassazione.<br \/>\nNella relazione illustrativa si legge altres\u00ec : \u201c<em>E\u2019 comunque salvaguardato il diritto delle parti<\/em>\u201d.<br \/>\nGli avvocati non sono certo d\u2019accordo su questa convinzione.<\/p>\n<p style=\"text-align: justify;\">Inoltre il decreto prevede che, fino alla fine dell\u2019emergenza, \u201c<em>i giudizi giudizi penali sono sospesi durante il tempo in cui l\u2019udienza \u00e8 rinviata per l\u2019assenza del testimone, del consulente tecnico, del perito o dell\u2019imputato in procedimento connesso i quali siano stati citati a comparire per esigenze di acquisizione della prova, quando l\u2019assenza \u00e8 giustificata dalle restrizioni ai movimenti imposte dall\u2019obbligo di quarantena o dalla sottoposizione ad isolamento fiduciario<\/em>\u201d.<\/p>\n<blockquote>\n<p style=\"text-align: left;\"><strong>Quindi per lo stesso periodo sono sospesi anche il corso della prescrizione ed i termini di durata massima della custodia cautelare.<\/strong><\/p>\n<\/blockquote>\n<p style=\"text-align: justify;\">La ratio \u00e8 quella di salvaguardare \u201c<em>le esigenze poste alla base delle misure di custodia cautelare applicate agli imputati contro il rischio di estinzione del reato di prescrizione o, rispettivamente, di decorso dei termini massimi di custodia cautelare per il caso in cui il giudizio subisca una battuta d\u2019arresto, nello svolgimento dell\u2019attivit\u00e0 istruttoria, per l\u2019impossibilit\u00e0 di acquisire una prova cui debba partecipare una persona, la cui assenza sia giustificata dalle restrizioni agli spostamenti imposte dall\u2019obbligo di quarantena o dalla sottoposizione a isolamento fiduciario, in conseguenza alle misure urgenti in materia di contenimento e gestione dell\u2019emergenza epidemiologica<\/em>\u201d.<\/p>\n<p style=\"text-align: justify;\">La conclusione che si pu\u00f2 trarre \u00e8: se sono in carcere un motivo ci sar\u00e0 ed \u00e8 meglio non evitarlo.<\/p>\n<p style=\"text-align: justify;\">Rimangono dunque sospesi prescrizione e termini di custodia cautelare \u201c<em>per un periodo di tempo pari a quello stabilito per il correlato giudizio penale<\/em>\u201d.<\/p>\n<p style=\"text-align: justify;\">Il differimento dell\u2019udienza non potr\u00e0 avvenire oltre il sessantesimo giorno successivo al limite imposto agli spostamenti, \u201c<em>dovendosi avere riguardo in caso contrario, agli effetti della durata della sospensione del corso della prescrizione e dei termini di durata stabiliti per la custodia cautelare&#8221;<\/em>.<\/p>\n<p style=\"text-align: justify;\">Tutto ci\u00f2 con il fine \u201c<em>di salvaguardare l\u2019accertamento processuale dal rischio di estinzione del reato per prescrizione ed evitare il decorso dei termini massimi di custodia cautelari degli imputati, facendo in modo che il giudizio non subisca battute d\u2019arresto nell\u2019attivit\u00e0 istruttoria a causa delle limitazioni agli spostamenti imposte dalla normativa dettata in questa fase emergenziale<\/em>\u201d.<\/p>\n<p>Valutate voi se questo processo \u00e8 ancora il &#8220;giusto processo&#8221;<\/p>\n<h4 style=\"text-align: center;\"><span class=\"ez-toc-section\" id=\"info-line-avvocato-penalista-393483610420-2\"><\/span>INFO LINE AVVOCATO PENALISTA: <span style=\"color: #ff0000;\"><a style=\"color: #ff0000;\" href=\"tel:+393483610420\">+393483610420<\/a><\/span><span class=\"ez-toc-section-end\"><\/span><\/h4>\n<p style=\"text-align: center;\"><div class=\"su-button-center\"><a href=\"https:\/\/live.vcita.com\/site\/avvocatobertaggia\" class=\"su-button su-button-style-default su-button-wide\" style=\"color:#FFFFFF;background-color:#ef2d4a;border-color:#c0243c;border-radius:7px\" target=\"_self\"><span style=\"color:#FFFFFF;padding:7px 20px;font-size:16px;line-height:24px;border-color:#f46c81;border-radius:7px;text-shadow:none\"><i class=\"sui sui-balance-scale\" style=\"font-size:16px;color:#FFFFFF\"><\/i> Hai bisogno di un avvocato penalista per essere difeso in un procedimento penale? Cerchi un avvocato penalista che tuteli i tuoi diritti in Tribunale? Puoi contattarci. Clicca.<\/span><\/a><\/div>\n<p><img decoding=\"async\" class=\"size-medium wp-image-40075 aligncenter lazyload\" data-src=\"https:\/\/www.avvocatobertaggia.com\/blog\/wp-content\/uploads\/2020\/11\/logo-avv-bertaggia-300x71.png\" alt=\"\" width=\"300\" height=\"71\" data-srcset=\"https:\/\/www.avvocatobertaggia.com\/blog\/wp-content\/uploads\/2020\/11\/logo-avv-bertaggia-300x71.png 300w, https:\/\/www.avvocatobertaggia.com\/blog\/wp-content\/uploads\/2020\/11\/logo-avv-bertaggia.png 500w\" data-sizes=\"(max-width: 300px) 100vw, 300px\" src=\"data:image\/svg+xml;base64,PHN2ZyB3aWR0aD0iMSIgaGVpZ2h0PSIxIiB4bWxucz0iaHR0cDovL3d3dy53My5vcmcvMjAwMC9zdmciPjwvc3ZnPg==\" style=\"--smush-placeholder-width: 300px; --smush-placeholder-aspect-ratio: 300\/71;\" \/><\/p>\n<p>\u00a9 Riproduzione riservata<br \/>\nNOTE OBBLIGATORIE per la citazione o riproduzione degli articoli e dei documenti pubblicati in www.avvocatobertaggia.com\/blog<br \/>\n\u00c8 consentito il solo link dal proprio sito alla pagina di www.avvocatobertaggia.com\/blog che contiene l&#8217;articolo di interesse.<br \/>\n\u00c8 vietato che l&#8217;intero articolo sia copiato in altro sito; anche in caso di pubblicazione di un estratto parziale \u00e8 sempre obbligatoria l&#8217;indicazione della fonte e l&#8217;inserimento di un link diretto alla pagina di www.avvocatobertaggia.com\/blog che contiene l&#8217;articolo.<br \/>\nPer la citazione in Libri, Riviste, Tesi di laurea, e ogni diversa pubblicazione, online o cartacea, di articoli (o estratti di articoli) pubblicati in www.avvocatobertaggia.com\/blog \u00e8 obbligatoria l&#8217;indicazione della fonte, nel modo che segue:<br \/>\nAutore. Studio Legale Internazionale Bertaggia &#8211; Titolo <strong>Appello custodia cautelare, allungati i termini.<\/strong>, in www.avvocatobertaggia.com\/blog<\/p>\n","protected":false},"excerpt":{"rendered":"<p>APPELLO CUSTODIA CAUTELARE: ALLUNGATI I TERMINI INFO LINE AVVOCATO PENALISTA: +393483610420 Appello custodia cutelare, allungati i termini. Il processo non sar\u00e0 pi\u00f9 giusto. Articolo a cura dell&#8216;Avvocato Bertaggia di Ferrara In periodo di emergenza COVID19, due misure relative alla giustizia sono previste dal decreto Ristori Bis per evitare l\u2019estinzione del processo e persone fuori dal [&hellip;]<\/p>\n","protected":false},"author":2,"featured_media":40415,"comment_status":"closed","ping_status":"closed","sticky":false,"template":"","format":"standard","meta":{"content-type":"","jnews-multi-image_gallery":[],"jnews_single_post":{"source_name":"","source_url":"","via_name":"","via_url":"","override_template":"0","override":[{"template":"1","single_blog_custom":"","parallax":"1","fullscreen":"0","layout":"right-sidebar","sidebar":"default-sidebar","second_sidebar":"default-sidebar","sticky_sidebar":"1","share_position":"top","share_float_style":"share-monocrhome","show_share_counter":"1","show_view_counter":"1","show_featured":"1","show_post_meta":"1","show_post_author":"1","show_post_author_image":"1","show_post_date":"1","post_date_format":"default","post_date_format_custom":"Y\/m\/d","show_post_category":"1","show_post_reading_time":"0","post_reading_time_wpm":"300","show_zoom_button":"0","zoom_button_out_step":"2","zoom_button_in_step":"3","show_post_tag":"1","show_prev_next_post":"1","show_popup_post":"1","number_popup_post":"1","show_author_box":"0","show_post_related":"0","show_inline_post_related":"0"}],"override_image_size":"0","image_override":[{"single_post_thumbnail_size":"crop-500","single_post_gallery_size":"crop-500"}],"trending_post":"0","trending_post_position":"meta","trending_post_label":"Trending","sponsored_post":"0","sponsored_post_label":"Sponsored by","sponsored_post_name":"","sponsored_post_url":"","sponsored_post_logo_enable":"0","sponsored_post_logo":"","sponsored_post_desc":""},"jnews_primary_category":{"id":""},"jnews_social_meta":[],"jnews_review":[],"enable_review":"","type":"","name":"","summary":"","brand":"","sku":"","good":[],"bad":[],"score_override":"","override_value":"","rating":[],"price":[],"jnews_override_counter":{"override_view_counter":"0","view_counter_number":"0","override_share_counter":"0","share_counter_number":"0","override_like_counter":"0","like_counter_number":"0","override_dislike_counter":"0","dislike_counter_number":"0"},"jnews_post_split":[],"footnotes":""},"categories":[6,7],"tags":[1756,166,212,510,1757,1123,1758],"class_list":["post-40208","post","type-post","status-publish","format-standard","has-post-thumbnail","hentry","category-news-giuridico-finanziarie","category-sez-penale","tag-appello","tag-avvocato-bertaggia","tag-avvocato-penalista","tag-covid19","tag-giusto-processo","tag-penalista","tag-processo-dappello"],"yoast_head":"<!-- This site is optimized with the Yoast SEO plugin v27.5 - https:\/\/yoast.com\/product\/yoast-seo-wordpress\/ -->\n<title>Appello custodia cautelare, allungati i termini. - Studio Legale Bertaggia<\/title>\n<meta name=\"description\" content=\"Appello custodia cautelare, allungati i termini. Le conseguenze per gli imputati dell&#039;allungamento dei termini per il COVID 19.\" \/>\n<meta name=\"robots\" content=\"index, follow, max-snippet:-1, max-image-preview:large, max-video-preview:-1\" \/>\n<link rel=\"canonical\" href=\"https:\/\/www.avvocatobertaggia.com\/blog\/appello-custodia-cautelare-allungati-i-termini\/\" \/>\n<meta property=\"og:locale\" content=\"it_IT\" \/>\n<meta property=\"og:type\" content=\"article\" \/>\n<meta property=\"og:title\" content=\"Appello custodia cautelare, allungati i termini. - Studio Legale Bertaggia\" \/>\n<meta property=\"og:description\" content=\"Appello custodia cautelare, allungati i termini. Le conseguenze per gli imputati dell&#039;allungamento dei termini per il COVID 19.\" \/>\n<meta property=\"og:url\" content=\"https:\/\/www.avvocatobertaggia.com\/blog\/appello-custodia-cautelare-allungati-i-termini\/\" \/>\n<meta property=\"og:site_name\" content=\"Avvocato Daniele Bertaggia Blog\" \/>\n<meta property=\"article:publisher\" content=\"https:\/\/www.facebook.com\/avvocatodaniele.bertaggia\" \/>\n<meta property=\"article:author\" content=\"https:\/\/www.facebook.com\/avvocatodaniele.bertaggia\" \/>\n<meta property=\"article:published_time\" content=\"2020-11-28T15:08:40+00:00\" \/>\n<meta property=\"article:modified_time\" content=\"2021-01-14T15:26:59+00:00\" \/>\n<meta property=\"og:image\" content=\"https:\/\/www.avvocatobertaggia.com\/blog\/wp-content\/uploads\/2020\/11\/Appello-custodia-cautelare-allungati-i-termini.-1.jpg\" \/>\n\t<meta property=\"og:image:width\" content=\"1200\" \/>\n\t<meta property=\"og:image:height\" content=\"800\" \/>\n\t<meta property=\"og:image:type\" content=\"image\/jpeg\" \/>\n<meta name=\"author\" content=\"Avv. Daniele Bertaggia\" \/>\n<meta name=\"twitter:card\" content=\"summary_large_image\" \/>\n<meta name=\"twitter:creator\" content=\"@avv.bertaggia@avvocatobertaggia.com\" \/>\n<meta name=\"twitter:site\" content=\"@Avv_Bertaggia\" \/>\n<meta name=\"twitter:label1\" content=\"Scritto da\" \/>\n\t<meta name=\"twitter:data1\" content=\"Avv. Daniele Bertaggia\" \/>\n\t<meta name=\"twitter:label2\" content=\"Tempo di lettura stimato\" \/>\n\t<meta name=\"twitter:data2\" content=\"5 minuti\" \/>\n<script type=\"application\/ld+json\" class=\"yoast-schema-graph\">{\"@context\":\"https:\\\/\\\/schema.org\",\"@graph\":[{\"@type\":\"Article\",\"@id\":\"https:\\\/\\\/www.avvocatobertaggia.com\\\/blog\\\/appello-custodia-cautelare-allungati-i-termini\\\/#article\",\"isPartOf\":{\"@id\":\"https:\\\/\\\/www.avvocatobertaggia.com\\\/blog\\\/appello-custodia-cautelare-allungati-i-termini\\\/\"},\"author\":{\"name\":\"Avv. Daniele Bertaggia\",\"@id\":\"https:\\\/\\\/www.avvocatobertaggia.com\\\/blog\\\/#\\\/schema\\\/person\\\/0bc74bfe28d66c6f5af334f86ed80b3e\"},\"headline\":\"Appello custodia cautelare, allungati i termini.\",\"datePublished\":\"2020-11-28T15:08:40+00:00\",\"dateModified\":\"2021-01-14T15:26:59+00:00\",\"mainEntityOfPage\":{\"@id\":\"https:\\\/\\\/www.avvocatobertaggia.com\\\/blog\\\/appello-custodia-cautelare-allungati-i-termini\\\/\"},\"wordCount\":1018,\"publisher\":{\"@id\":\"https:\\\/\\\/www.avvocatobertaggia.com\\\/blog\\\/#organization\"},\"image\":{\"@id\":\"https:\\\/\\\/www.avvocatobertaggia.com\\\/blog\\\/appello-custodia-cautelare-allungati-i-termini\\\/#primaryimage\"},\"thumbnailUrl\":\"https:\\\/\\\/www.avvocatobertaggia.com\\\/blog\\\/wp-content\\\/uploads\\\/2020\\\/11\\\/Appello-custodia-cautelare-allungati-i-termini.-1.jpg\",\"keywords\":[\"appello\",\"avvocato bertaggia\",\"avvocato penalista\",\"Covid19\",\"giusto processo\",\"penalista\",\"processo d\u2019appello\"],\"articleSection\":[\"News giuridico finanziarie\",\"Penale\"],\"inLanguage\":\"it-IT\"},{\"@type\":\"WebPage\",\"@id\":\"https:\\\/\\\/www.avvocatobertaggia.com\\\/blog\\\/appello-custodia-cautelare-allungati-i-termini\\\/\",\"url\":\"https:\\\/\\\/www.avvocatobertaggia.com\\\/blog\\\/appello-custodia-cautelare-allungati-i-termini\\\/\",\"name\":\"Appello custodia cautelare, allungati i termini. - Studio Legale Bertaggia\",\"isPartOf\":{\"@id\":\"https:\\\/\\\/www.avvocatobertaggia.com\\\/blog\\\/#website\"},\"primaryImageOfPage\":{\"@id\":\"https:\\\/\\\/www.avvocatobertaggia.com\\\/blog\\\/appello-custodia-cautelare-allungati-i-termini\\\/#primaryimage\"},\"image\":{\"@id\":\"https:\\\/\\\/www.avvocatobertaggia.com\\\/blog\\\/appello-custodia-cautelare-allungati-i-termini\\\/#primaryimage\"},\"thumbnailUrl\":\"https:\\\/\\\/www.avvocatobertaggia.com\\\/blog\\\/wp-content\\\/uploads\\\/2020\\\/11\\\/Appello-custodia-cautelare-allungati-i-termini.-1.jpg\",\"datePublished\":\"2020-11-28T15:08:40+00:00\",\"dateModified\":\"2021-01-14T15:26:59+00:00\",\"description\":\"Appello custodia cautelare, allungati i termini. Le conseguenze per gli imputati dell'allungamento dei termini per il COVID 19.\",\"inLanguage\":\"it-IT\",\"potentialAction\":[{\"@type\":\"ReadAction\",\"target\":[\"https:\\\/\\\/www.avvocatobertaggia.com\\\/blog\\\/appello-custodia-cautelare-allungati-i-termini\\\/\"]}]},{\"@type\":\"ImageObject\",\"inLanguage\":\"it-IT\",\"@id\":\"https:\\\/\\\/www.avvocatobertaggia.com\\\/blog\\\/appello-custodia-cautelare-allungati-i-termini\\\/#primaryimage\",\"url\":\"https:\\\/\\\/www.avvocatobertaggia.com\\\/blog\\\/wp-content\\\/uploads\\\/2020\\\/11\\\/Appello-custodia-cautelare-allungati-i-termini.-1.jpg\",\"contentUrl\":\"https:\\\/\\\/www.avvocatobertaggia.com\\\/blog\\\/wp-content\\\/uploads\\\/2020\\\/11\\\/Appello-custodia-cautelare-allungati-i-termini.-1.jpg\",\"width\":1200,\"height\":800,\"caption\":\"Appello custodia cautelare, allungati i termini.\"},{\"@type\":\"WebSite\",\"@id\":\"https:\\\/\\\/www.avvocatobertaggia.com\\\/blog\\\/#website\",\"url\":\"https:\\\/\\\/www.avvocatobertaggia.com\\\/blog\\\/\",\"name\":\"Avvocato Daniele Bertaggia Blog\",\"description\":\"News giuridiche, fiscali, finanziarie, penali, con riguardo al panorama internazionale.\",\"publisher\":{\"@id\":\"https:\\\/\\\/www.avvocatobertaggia.com\\\/blog\\\/#organization\"},\"potentialAction\":[{\"@type\":\"SearchAction\",\"target\":{\"@type\":\"EntryPoint\",\"urlTemplate\":\"https:\\\/\\\/www.avvocatobertaggia.com\\\/blog\\\/?s={search_term_string}\"},\"query-input\":{\"@type\":\"PropertyValueSpecification\",\"valueRequired\":true,\"valueName\":\"search_term_string\"}}],\"inLanguage\":\"it-IT\"},{\"@type\":\"Organization\",\"@id\":\"https:\\\/\\\/www.avvocatobertaggia.com\\\/blog\\\/#organization\",\"name\":\"Avvocato Bertaggia Blog\",\"url\":\"https:\\\/\\\/www.avvocatobertaggia.com\\\/blog\\\/\",\"logo\":{\"@type\":\"ImageObject\",\"inLanguage\":\"it-IT\",\"@id\":\"https:\\\/\\\/www.avvocatobertaggia.com\\\/blog\\\/#\\\/schema\\\/logo\\\/image\\\/\",\"url\":\"https:\\\/\\\/www.avvocatobertaggia.com\\\/blog\\\/wp-content\\\/uploads\\\/2020\\\/10\\\/logo-avvocato-bertaggia-blog.png\",\"contentUrl\":\"https:\\\/\\\/www.avvocatobertaggia.com\\\/blog\\\/wp-content\\\/uploads\\\/2020\\\/10\\\/logo-avvocato-bertaggia-blog.png\",\"width\":748,\"height\":150,\"caption\":\"Avvocato Bertaggia Blog\"},\"image\":{\"@id\":\"https:\\\/\\\/www.avvocatobertaggia.com\\\/blog\\\/#\\\/schema\\\/logo\\\/image\\\/\"},\"sameAs\":[\"https:\\\/\\\/www.facebook.com\\\/avvocatodaniele.bertaggia\",\"https:\\\/\\\/x.com\\\/Avv_Bertaggia\",\"https:\\\/\\\/www.instagram.com\\\/studiolegaleinternazionale_db\\\/\",\"https:\\\/\\\/www.linkedin.com\\\/in\\\/daniele-bertaggia-avvocato-internazionale\\\/\",\"https:\\\/\\\/www.youtube.com\\\/channel\\\/UCJ9a6WsXqvePkNFKYTWOs-g\"]},{\"@type\":\"Person\",\"@id\":\"https:\\\/\\\/www.avvocatobertaggia.com\\\/blog\\\/#\\\/schema\\\/person\\\/0bc74bfe28d66c6f5af334f86ed80b3e\",\"name\":\"Avv. Daniele Bertaggia\",\"image\":{\"@type\":\"ImageObject\",\"inLanguage\":\"it-IT\",\"@id\":\"https:\\\/\\\/www.avvocatobertaggia.com\\\/blog\\\/wp-content\\\/uploads\\\/2020\\\/10\\\/bertaggia-150x150.jpeg\",\"url\":\"https:\\\/\\\/www.avvocatobertaggia.com\\\/blog\\\/wp-content\\\/uploads\\\/2020\\\/10\\\/bertaggia-150x150.jpeg\",\"contentUrl\":\"https:\\\/\\\/www.avvocatobertaggia.com\\\/blog\\\/wp-content\\\/uploads\\\/2020\\\/10\\\/bertaggia-150x150.jpeg\",\"caption\":\"Avv. Daniele Bertaggia\"},\"description\":\"Avvocato dal 1993, Cassazionista dal 2009. Collaboro con imprenditori e professionisti nella pianificazione fiscale e nella creazione di societ\u00e0 estere. Mi occupo anche di penale internazionale ed italiano. Coadiuvo uno Studio con numerosi collaboratori professionisti, sia avvocati che commercialisti. Se hai una questione giuridica da risolvere, contattami, trover\u00f2 le risposte legali adeguate.\",\"sameAs\":[\"https:\\\/\\\/www.avvocatobertaggia.org\\\/\",\"https:\\\/\\\/www.facebook.com\\\/avvocatodaniele.bertaggia\",\"studiolegaleinternazionale_db\",\"https:\\\/\\\/www.linkedin.com\\\/in\\\/daniele-bertaggia-avvocato-internazionale\\\/\",\"https:\\\/\\\/x.com\\\/avv.bertaggia@avvocatobertaggia.com\",\"https:\\\/\\\/www.youtube.com\\\/c\\\/DanieleBertaggia-avvocato\"]}]}<\/script>\n<!-- \/ Yoast SEO plugin. -->","yoast_head_json":{"title":"Appello custodia cautelare, allungati i termini. - Studio Legale Bertaggia","description":"Appello custodia cautelare, allungati i termini. Le conseguenze per gli imputati dell'allungamento dei termini per il COVID 19.","robots":{"index":"index","follow":"follow","max-snippet":"max-snippet:-1","max-image-preview":"max-image-preview:large","max-video-preview":"max-video-preview:-1"},"canonical":"https:\/\/www.avvocatobertaggia.com\/blog\/appello-custodia-cautelare-allungati-i-termini\/","og_locale":"it_IT","og_type":"article","og_title":"Appello custodia cautelare, allungati i termini. - Studio Legale Bertaggia","og_description":"Appello custodia cautelare, allungati i termini. Le conseguenze per gli imputati dell'allungamento dei termini per il COVID 19.","og_url":"https:\/\/www.avvocatobertaggia.com\/blog\/appello-custodia-cautelare-allungati-i-termini\/","og_site_name":"Avvocato Daniele Bertaggia Blog","article_publisher":"https:\/\/www.facebook.com\/avvocatodaniele.bertaggia","article_author":"https:\/\/www.facebook.com\/avvocatodaniele.bertaggia","article_published_time":"2020-11-28T15:08:40+00:00","article_modified_time":"2021-01-14T15:26:59+00:00","og_image":[{"width":1200,"height":800,"url":"https:\/\/www.avvocatobertaggia.com\/blog\/wp-content\/uploads\/2020\/11\/Appello-custodia-cautelare-allungati-i-termini.-1.jpg","type":"image\/jpeg"}],"author":"Avv. Daniele Bertaggia","twitter_card":"summary_large_image","twitter_creator":"@avv.bertaggia@avvocatobertaggia.com","twitter_site":"@Avv_Bertaggia","twitter_misc":{"Scritto da":"Avv. Daniele Bertaggia","Tempo di lettura stimato":"5 minuti"},"schema":{"@context":"https:\/\/schema.org","@graph":[{"@type":"Article","@id":"https:\/\/www.avvocatobertaggia.com\/blog\/appello-custodia-cautelare-allungati-i-termini\/#article","isPartOf":{"@id":"https:\/\/www.avvocatobertaggia.com\/blog\/appello-custodia-cautelare-allungati-i-termini\/"},"author":{"name":"Avv. Daniele Bertaggia","@id":"https:\/\/www.avvocatobertaggia.com\/blog\/#\/schema\/person\/0bc74bfe28d66c6f5af334f86ed80b3e"},"headline":"Appello custodia cautelare, allungati i termini.","datePublished":"2020-11-28T15:08:40+00:00","dateModified":"2021-01-14T15:26:59+00:00","mainEntityOfPage":{"@id":"https:\/\/www.avvocatobertaggia.com\/blog\/appello-custodia-cautelare-allungati-i-termini\/"},"wordCount":1018,"publisher":{"@id":"https:\/\/www.avvocatobertaggia.com\/blog\/#organization"},"image":{"@id":"https:\/\/www.avvocatobertaggia.com\/blog\/appello-custodia-cautelare-allungati-i-termini\/#primaryimage"},"thumbnailUrl":"https:\/\/www.avvocatobertaggia.com\/blog\/wp-content\/uploads\/2020\/11\/Appello-custodia-cautelare-allungati-i-termini.-1.jpg","keywords":["appello","avvocato bertaggia","avvocato penalista","Covid19","giusto processo","penalista","processo d\u2019appello"],"articleSection":["News giuridico finanziarie","Penale"],"inLanguage":"it-IT"},{"@type":"WebPage","@id":"https:\/\/www.avvocatobertaggia.com\/blog\/appello-custodia-cautelare-allungati-i-termini\/","url":"https:\/\/www.avvocatobertaggia.com\/blog\/appello-custodia-cautelare-allungati-i-termini\/","name":"Appello custodia cautelare, allungati i termini. - Studio Legale Bertaggia","isPartOf":{"@id":"https:\/\/www.avvocatobertaggia.com\/blog\/#website"},"primaryImageOfPage":{"@id":"https:\/\/www.avvocatobertaggia.com\/blog\/appello-custodia-cautelare-allungati-i-termini\/#primaryimage"},"image":{"@id":"https:\/\/www.avvocatobertaggia.com\/blog\/appello-custodia-cautelare-allungati-i-termini\/#primaryimage"},"thumbnailUrl":"https:\/\/www.avvocatobertaggia.com\/blog\/wp-content\/uploads\/2020\/11\/Appello-custodia-cautelare-allungati-i-termini.-1.jpg","datePublished":"2020-11-28T15:08:40+00:00","dateModified":"2021-01-14T15:26:59+00:00","description":"Appello custodia cautelare, allungati i termini. Le conseguenze per gli imputati dell'allungamento dei termini per il COVID 19.","inLanguage":"it-IT","potentialAction":[{"@type":"ReadAction","target":["https:\/\/www.avvocatobertaggia.com\/blog\/appello-custodia-cautelare-allungati-i-termini\/"]}]},{"@type":"ImageObject","inLanguage":"it-IT","@id":"https:\/\/www.avvocatobertaggia.com\/blog\/appello-custodia-cautelare-allungati-i-termini\/#primaryimage","url":"https:\/\/www.avvocatobertaggia.com\/blog\/wp-content\/uploads\/2020\/11\/Appello-custodia-cautelare-allungati-i-termini.-1.jpg","contentUrl":"https:\/\/www.avvocatobertaggia.com\/blog\/wp-content\/uploads\/2020\/11\/Appello-custodia-cautelare-allungati-i-termini.-1.jpg","width":1200,"height":800,"caption":"Appello custodia cautelare, allungati i termini."},{"@type":"WebSite","@id":"https:\/\/www.avvocatobertaggia.com\/blog\/#website","url":"https:\/\/www.avvocatobertaggia.com\/blog\/","name":"Avvocato Daniele Bertaggia Blog","description":"News giuridiche, fiscali, finanziarie, penali, con riguardo al panorama internazionale.","publisher":{"@id":"https:\/\/www.avvocatobertaggia.com\/blog\/#organization"},"potentialAction":[{"@type":"SearchAction","target":{"@type":"EntryPoint","urlTemplate":"https:\/\/www.avvocatobertaggia.com\/blog\/?s={search_term_string}"},"query-input":{"@type":"PropertyValueSpecification","valueRequired":true,"valueName":"search_term_string"}}],"inLanguage":"it-IT"},{"@type":"Organization","@id":"https:\/\/www.avvocatobertaggia.com\/blog\/#organization","name":"Avvocato Bertaggia Blog","url":"https:\/\/www.avvocatobertaggia.com\/blog\/","logo":{"@type":"ImageObject","inLanguage":"it-IT","@id":"https:\/\/www.avvocatobertaggia.com\/blog\/#\/schema\/logo\/image\/","url":"https:\/\/www.avvocatobertaggia.com\/blog\/wp-content\/uploads\/2020\/10\/logo-avvocato-bertaggia-blog.png","contentUrl":"https:\/\/www.avvocatobertaggia.com\/blog\/wp-content\/uploads\/2020\/10\/logo-avvocato-bertaggia-blog.png","width":748,"height":150,"caption":"Avvocato Bertaggia Blog"},"image":{"@id":"https:\/\/www.avvocatobertaggia.com\/blog\/#\/schema\/logo\/image\/"},"sameAs":["https:\/\/www.facebook.com\/avvocatodaniele.bertaggia","https:\/\/x.com\/Avv_Bertaggia","https:\/\/www.instagram.com\/studiolegaleinternazionale_db\/","https:\/\/www.linkedin.com\/in\/daniele-bertaggia-avvocato-internazionale\/","https:\/\/www.youtube.com\/channel\/UCJ9a6WsXqvePkNFKYTWOs-g"]},{"@type":"Person","@id":"https:\/\/www.avvocatobertaggia.com\/blog\/#\/schema\/person\/0bc74bfe28d66c6f5af334f86ed80b3e","name":"Avv. Daniele Bertaggia","image":{"@type":"ImageObject","inLanguage":"it-IT","@id":"https:\/\/www.avvocatobertaggia.com\/blog\/wp-content\/uploads\/2020\/10\/bertaggia-150x150.jpeg","url":"https:\/\/www.avvocatobertaggia.com\/blog\/wp-content\/uploads\/2020\/10\/bertaggia-150x150.jpeg","contentUrl":"https:\/\/www.avvocatobertaggia.com\/blog\/wp-content\/uploads\/2020\/10\/bertaggia-150x150.jpeg","caption":"Avv. Daniele Bertaggia"},"description":"Avvocato dal 1993, Cassazionista dal 2009. Collaboro con imprenditori e professionisti nella pianificazione fiscale e nella creazione di societ\u00e0 estere. Mi occupo anche di penale internazionale ed italiano. Coadiuvo uno Studio con numerosi collaboratori professionisti, sia avvocati che commercialisti. Se hai una questione giuridica da risolvere, contattami, trover\u00f2 le risposte legali adeguate.","sameAs":["https:\/\/www.avvocatobertaggia.org\/","https:\/\/www.facebook.com\/avvocatodaniele.bertaggia","studiolegaleinternazionale_db","https:\/\/www.linkedin.com\/in\/daniele-bertaggia-avvocato-internazionale\/","https:\/\/x.com\/avv.bertaggia@avvocatobertaggia.com","https:\/\/www.youtube.com\/c\/DanieleBertaggia-avvocato"]}]}},"_links":{"self":[{"href":"https:\/\/www.avvocatobertaggia.com\/blog\/wp-json\/wp\/v2\/posts\/40208","targetHints":{"allow":["GET"]}}],"collection":[{"href":"https:\/\/www.avvocatobertaggia.com\/blog\/wp-json\/wp\/v2\/posts"}],"about":[{"href":"https:\/\/www.avvocatobertaggia.com\/blog\/wp-json\/wp\/v2\/types\/post"}],"author":[{"embeddable":true,"href":"https:\/\/www.avvocatobertaggia.com\/blog\/wp-json\/wp\/v2\/users\/2"}],"replies":[{"embeddable":true,"href":"https:\/\/www.avvocatobertaggia.com\/blog\/wp-json\/wp\/v2\/comments?post=40208"}],"version-history":[{"count":3,"href":"https:\/\/www.avvocatobertaggia.com\/blog\/wp-json\/wp\/v2\/posts\/40208\/revisions"}],"predecessor-version":[{"id":40212,"href":"https:\/\/www.avvocatobertaggia.com\/blog\/wp-json\/wp\/v2\/posts\/40208\/revisions\/40212"}],"wp:featuredmedia":[{"embeddable":true,"href":"https:\/\/www.avvocatobertaggia.com\/blog\/wp-json\/wp\/v2\/media\/40415"}],"wp:attachment":[{"href":"https:\/\/www.avvocatobertaggia.com\/blog\/wp-json\/wp\/v2\/media?parent=40208"}],"wp:term":[{"taxonomy":"category","embeddable":true,"href":"https:\/\/www.avvocatobertaggia.com\/blog\/wp-json\/wp\/v2\/categories?post=40208"},{"taxonomy":"post_tag","embeddable":true,"href":"https:\/\/www.avvocatobertaggia.com\/blog\/wp-json\/wp\/v2\/tags?post=40208"}],"curies":[{"name":"wp","href":"https:\/\/api.w.org\/{rel}","templated":true}]}}