{"id":42790,"date":"2023-08-02T16:56:59","date_gmt":"2023-08-02T16:56:59","guid":{"rendered":"https:\/\/www.avvocatobertaggia.com\/blog\/?p=42790"},"modified":"2025-02-26T20:09:54","modified_gmt":"2025-02-26T20:09:54","slug":"svizzera-esclusa-dalla-black-list","status":"publish","type":"post","link":"https:\/\/www.avvocatobertaggia.com\/blog\/svizzera-esclusa-dalla-black-list\/","title":{"rendered":"Svizzera Esclusa dalla Black List"},"content":{"rendered":"<h2 style=\"text-align: center;\"><span class=\"ez-toc-section\" id=\"svizzera-esclusa-dalla-black-list\"><\/span><strong>SVIZZERA ESCLUSA DALLA BLACK LIST<\/strong><span class=\"ez-toc-section-end\"><\/span><\/h2><div id=\"ez-toc-container\" class=\"ez-toc-v2_0_82_2 counter-hierarchy ez-toc-counter ez-toc-custom ez-toc-container-direction\">\n<div class=\"ez-toc-title-container\">\n<p class=\"ez-toc-title\" style=\"cursor:inherit\">Contenuti dell&#039;articolo<\/p>\n<span class=\"ez-toc-title-toggle\"><a href=\"#\" class=\"ez-toc-pull-right ez-toc-btn ez-toc-btn-xs ez-toc-btn-default ez-toc-toggle\" aria-label=\"Toggle Table of Content\"><span class=\"ez-toc-js-icon-con\"><span class=\"\"><span class=\"eztoc-hide\" style=\"display:none;\">Toggle<\/span><span class=\"ez-toc-icon-toggle-span\"><svg style=\"fill: #000000;color:#000000\" xmlns=\"http:\/\/www.w3.org\/2000\/svg\" class=\"list-377408\" width=\"20px\" height=\"20px\" viewBox=\"0 0 24 24\" fill=\"none\"><path d=\"M6 6H4v2h2V6zm14 0H8v2h12V6zM4 11h2v2H4v-2zm16 0H8v2h12v-2zM4 16h2v2H4v-2zm16 0H8v2h12v-2z\" fill=\"currentColor\"><\/path><\/svg><svg style=\"fill: #000000;color:#000000\" class=\"arrow-unsorted-368013\" xmlns=\"http:\/\/www.w3.org\/2000\/svg\" width=\"10px\" height=\"10px\" viewBox=\"0 0 24 24\" version=\"1.2\" baseProfile=\"tiny\"><path d=\"M18.2 9.3l-6.2-6.3-6.2 6.3c-.2.2-.3.4-.3.7s.1.5.3.7c.2.2.4.3.7.3h11c.3 0 .5-.1.7-.3.2-.2.3-.5.3-.7s-.1-.5-.3-.7zM5.8 14.7l6.2 6.3 6.2-6.3c.2-.2.3-.5.3-.7s-.1-.5-.3-.7c-.2-.2-.4-.3-.7-.3h-11c-.3 0-.5.1-.7.3-.2.2-.3.5-.3.7s.1.5.3.7z\"\/><\/svg><\/span><\/span><\/span><\/a><\/span><\/div>\n<nav><ul class='ez-toc-list ez-toc-list-level-1 eztoc-toggle-hide-by-default' ><li class='ez-toc-page-1 ez-toc-heading-level-2'><a class=\"ez-toc-link ez-toc-heading-1\" href=\"https:\/\/www.avvocatobertaggia.com\/blog\/svizzera-esclusa-dalla-black-list\/#svizzera-esclusa-dalla-black-list\" >SVIZZERA ESCLUSA DALLA BLACK LIST<\/a><ul class='ez-toc-list-level-3' ><li class='ez-toc-heading-level-3'><a class=\"ez-toc-link ez-toc-heading-2\" href=\"https:\/\/www.avvocatobertaggia.com\/blog\/svizzera-esclusa-dalla-black-list\/#info-line-diritto-fiscale-internazionale-393483610420\" >INFO LINE DIRITTO FISCALE INTERNAZIONALE: +393483610420<\/a><ul class='ez-toc-list-level-4' ><li class='ez-toc-heading-level-4'><a class=\"ez-toc-link ez-toc-heading-3\" href=\"https:\/\/www.avvocatobertaggia.com\/blog\/svizzera-esclusa-dalla-black-list\/#la-svizzera-esclusa-definitivamente-dalla-black-list-nuove-opportunita-per-i-lavoratori-frontalieri\" >La Svizzera esclusa definitivamente dalla Black List: Nuove opportunit\u00e0 per i lavoratori frontalieri<\/a><\/li><li class='ez-toc-page-1 ez-toc-heading-level-4'><a class=\"ez-toc-link ez-toc-heading-4\" href=\"https:\/\/www.avvocatobertaggia.com\/blog\/svizzera-esclusa-dalla-black-list\/#svizzera-esclusa-dalla-black-list-le-conseguenze\" >SVIZZERA ESCLUSA DALLA BLACK LIST: LE CONSEGUENZE<\/a><\/li><\/ul><\/li><\/ul><\/li><\/ul><\/nav><\/div>\n\n<h3 style=\"text-align: center;\"><span class=\"ez-toc-section\" id=\"info-line-diritto-fiscale-internazionale-393483610420\"><\/span>INFO LINE DIRITTO FISCALE INTERNAZIONALE: <a href=\"tel:+393483610420\"><strong><span style=\"color: #ff0000;\">+393483610420<\/span><\/strong><\/a><span class=\"ez-toc-section-end\"><\/span><\/h3>\n<p style=\"text-align: center;\"><img decoding=\"async\" class=\"alignnone size-full wp-image-43582 lazyload\" data-src=\"https:\/\/www.avvocatobertaggia.com\/blog\/wp-content\/uploads\/2021\/02\/LOGO-24-NUOVO.png\" alt=\"\" width=\"155\" height=\"70\" src=\"data:image\/svg+xml;base64,PHN2ZyB3aWR0aD0iMSIgaGVpZ2h0PSIxIiB4bWxucz0iaHR0cDovL3d3dy53My5vcmcvMjAwMC9zdmciPjwvc3ZnPg==\" style=\"--smush-placeholder-width: 155px; --smush-placeholder-aspect-ratio: 155\/70;\" \/><\/p>\n<p>&nbsp;<\/p>\n<h4 style=\"text-align: left;\"><span class=\"ez-toc-section\" id=\"la-svizzera-esclusa-definitivamente-dalla-black-list-nuove-opportunita-per-i-lavoratori-frontalieri\"><\/span><strong>La Svizzera esclusa definitivamente dalla Black List: Nuove opportunit\u00e0 per i lavoratori frontalieri<\/strong><span class=\"ez-toc-section-end\"><\/span><\/h4>\n<p style=\"text-align: justify;\">Svizzera esclusa dalla black list. Buone notizie per i lavoratori frontalieri e i contribuenti italiani! La Svizzera \u00e8 stata ufficialmente rimossa dalla Black List grazie a un decreto firmato dal ministro dell&#8217;Economia, Giancarlo Giorgetti. Questa importante decisione \u00e8 stata presa in attuazione della legge che recepisce la convenzione tra Roma e Berna e introduce una nuova disciplina per i lavoratori frontalieri.<\/p>\n<p><strong>Articolo a cura dello <span style=\"color: #ff0000;\"><a style=\"color: #ff0000;\" href=\"https:\/\/www.avvocatobertaggia.org\/studio-legale-internazionale-bertaggia-chi-siamo.html\" target=\"_blank\" rel=\"noopener\">Studio Legale Internazionale Bertaggia\u2192<\/a><\/span><\/strong><\/p>\n<h4><span class=\"ez-toc-section\" id=\"svizzera-esclusa-dalla-black-list-le-conseguenze\"><\/span><strong>SVIZZERA ESCLUSA DALLA BLACK LIST: LE CONSEGUENZE<\/strong><span class=\"ez-toc-section-end\"><\/span><\/h4>\n<p style=\"text-align: justify;\">La ricaduta pratica di questa decisione, a partire dall&#8217;anno d&#8217;imposta 2024, comporta il venir meno dell&#8217;onere per i contribuenti italiani di dimostrare che il trasferimento in Svizzera non ha scopi fiscali fittizi. In altre parole, i lavoratori frontalieri potranno godere di maggiore chiarezza e semplificazione nella gestione delle loro imposte. Se vuoi avere altre notizie in ambito di diritto fiscale e societario internazionale, <strong><span style=\"color: #ff0000;\"><a style=\"color: #ff0000;\" href=\"https:\/\/www.avvocatobertaggia.com\/blog\/category\/societario-internazionale\/\" target=\"_blank\" rel=\"noopener\">segui il nostro blog\u2192<\/a>.<\/span><\/strong><\/p>\n<p style=\"text-align: justify;\">Con la Svizzera esclusa dalla lista nera del Decreto Ministeriale del 4 maggio 1999, che individuava la Black List delle persone fisiche, viene meno l&#8217;ostacolo che spingeva il Fisco a sospettare e contestare la fittizia emigrazione all&#8217;estero di residenti italiani per evitare il pagamento delle tasse.<\/p>\n<p style=\"text-align: justify;\">Questo cambiamento apre nuove opportunit\u00e0 per coloro che lavorano in Svizzera e risiedono in Italia, permettendo loro di gestire in modo pi\u00f9 agevole la loro situazione fiscale.<\/p>\n<blockquote>\n<p style=\"text-align: left;\"><strong><em>La nuova normativa semplifica il rapporto tra i lavoratori frontalieri e le autorit\u00e0 fiscali, eliminando la necessit\u00e0 di dimostrare l&#8217;autenticit\u00e0 del trasferimento.<\/em><\/strong><\/p>\n<\/blockquote>\n<p style=\"text-align: justify;\">Tuttavia, per comprendere in modo sicuro e responsabile queste questioni complesse, \u00e8 sempre consigliabile affidarsi a professionisti qualificati. Lo Studio Legale Internazionale Bertaggia \u00e8 specializzato in <strong><span style=\"color: #ff0000;\"><a style=\"color: #ff0000;\" href=\"https:\/\/www.avvocatobertaggia.org\/diritto-societario-internazionale.html\" target=\"_blank\" rel=\"noopener\">diritto societario internazionale\u2192<\/a><\/span><\/strong> e pu\u00f2 offrire consulenza personalizzata e professionale per le vostre esigenze specifiche riguardanti questioni di natura estera.<\/p>\n<p style=\"text-align: center;\"><div class=\"su-youtube su-u-responsive-media-yes\"><iframe width=\"600\" height=\"400\" data-src=\"https:\/\/www.youtube.com\/embed\/YdvESqm91TE?autohide=2&amp;autoplay=0&amp;mute=0&amp;controls=1&amp;fs=1&amp;loop=0&amp;modestbranding=0&amp;rel=1&amp;showinfo=1&amp;theme=dark&amp;wmode=&amp;playsinline=0\" frameborder=\"0\" allowfullscreen allow=\"autoplay; encrypted-media; picture-in-picture\" title=\"\ud83d\udcbc Residenza Fiscale nei Paradisi Offshore: Nuovi Controlli del Fisco Italiano! \u26a0\ufe0f\ud83c\uddee\ud83c\uddf9\" src=\"data:image\/svg+xml;base64,PHN2ZyB3aWR0aD0iMSIgaGVpZ2h0PSIxIiB4bWxucz0iaHR0cDovL3d3dy53My5vcmcvMjAwMC9zdmciPjwvc3ZnPg==\" class=\"lazyload\" data-load-mode=\"1\"><\/iframe><\/div>\n<p style=\"text-align: justify;\">Quindi, se avete domande o necessitate di assistenza per affrontare questioni fiscali o legali legate a lavorare o investire all&#8217;estero, vi invitiamo a contattare lo Studio Legale Internazionale Bertaggia. La nostra competenza ed esperienza sono a vostra disposizione per guidarvi verso soluzioni adeguate alle vostre esigenze.<\/p>\n<blockquote>\n<p style=\"text-align: left;\"><strong>Non lasciate che i problemi fiscali rallentino il vostro cammino. Rivolgetevi a noi per una consulenza di qualit\u00e0 e affidabile.<\/strong><\/p>\n<\/blockquote>\n<p><img decoding=\"async\" class=\"size-medium wp-image-38444 aligncenter lazyload\" data-src=\"https:\/\/www.avvocatobertaggia.com\/blog\/wp-content\/uploads\/2015\/11\/contact-telefono-300x101.jpg\" alt=\"\" width=\"300\" height=\"101\" data-srcset=\"https:\/\/www.avvocatobertaggia.com\/blog\/wp-content\/uploads\/2015\/11\/contact-telefono-300x101.jpg 300w, https:\/\/www.avvocatobertaggia.com\/blog\/wp-content\/uploads\/2015\/11\/contact-telefono.jpg 762w\" data-sizes=\"(max-width: 300px) 100vw, 300px\" src=\"data:image\/svg+xml;base64,PHN2ZyB3aWR0aD0iMSIgaGVpZ2h0PSIxIiB4bWxucz0iaHR0cDovL3d3dy53My5vcmcvMjAwMC9zdmciPjwvc3ZnPg==\" style=\"--smush-placeholder-width: 300px; --smush-placeholder-aspect-ratio: 300\/101;\" \/><\/p>\n<p style=\"text-align: center;\">INFO LINE DIRITTO FISCALE INTERNAZIONALE: <strong><span style=\"color: #ff0000;\"><a style=\"color: #ff0000;\" href=\"tel:+393483610420\">+393483610420<\/a><\/span><\/strong><\/p>\n<p style=\"text-align: justify;\">Unisciti alla nostra community su YouTube per restare aggiornato sulle novit\u00e0 in materia giuridica, internazionale e molto altro!<\/p>\n<p style=\"text-align: center;\"><a style=\"background-color: #ff0000; color: white; padding: 14px 25px; text-align: center; text-decoration: none; display: inline-block; font-size: 16px; border-radius: 2px; font-weight: bold;\" href=\"https:\/\/www.youtube.com\/@DanieleBertaggia-avvocato?sub_confirmation=1\" target=\"_blank\" rel=\"noopener\"><strong>Iscriviti a Studio Legale Internazionale Bertaggia<\/strong><\/a><\/p>\n<p>Siamo operativi anche per <a href=\"https:\/\/www.avvocatobertaggia.org\/2013-12-08-18-16-12\/videconsulenza-legale.html\">videoconsulenze\u2192<\/a>, senza bisogno di spostarsi fisicamente per venire nei nostri uffici<\/p>\n<p style=\"text-align: center;\"><div class=\"su-button-center\"><a href=\"https:\/\/live.vcita.com\/site\/avvocatobertaggia\/online-scheduling?service=u923xu3ml8a099ns\" class=\"su-button su-button-style-default su-button-wide\" style=\"color:#FFFFFF;background-color:#ef2d4a;border-color:#c0243c;border-radius:7px\" target=\"_self\"><span style=\"color:#FFFFFF;padding:7px 20px;font-size:16px;line-height:24px;border-color:#f46c81;border-radius:7px;text-shadow:none\"><i class=\"sui sui-balance-scale\" style=\"font-size:16px;color:#FFFFFF\"><\/i> Desideri trasferire la tua azienda all&#8217;estero? Vuoi internazionalizzare la tua attivit\u00e0 ed ottimizzare le tasse? Contatta i nostri esperti. Clicca<\/span><\/a><\/div>\n<p style=\"text-align: center;\"><img decoding=\"async\" class=\"alignnone size-full wp-image-39990 lazyload\" data-src=\"https:\/\/www.avvocatobertaggia.com\/blog\/wp-content\/uploads\/2020\/10\/logo-avvocato-bertaggia-blog.png\" alt=\"\" width=\"748\" height=\"150\" data-srcset=\"https:\/\/www.avvocatobertaggia.com\/blog\/wp-content\/uploads\/2020\/10\/logo-avvocato-bertaggia-blog.png 748w, https:\/\/www.avvocatobertaggia.com\/blog\/wp-content\/uploads\/2020\/10\/logo-avvocato-bertaggia-blog-300x60.png 300w\" data-sizes=\"(max-width: 748px) 100vw, 748px\" src=\"data:image\/svg+xml;base64,PHN2ZyB3aWR0aD0iMSIgaGVpZ2h0PSIxIiB4bWxucz0iaHR0cDovL3d3dy53My5vcmcvMjAwMC9zdmciPjwvc3ZnPg==\" style=\"--smush-placeholder-width: 748px; --smush-placeholder-aspect-ratio: 748\/150;\" \/><\/p>\n<p style=\"text-align: center;\"><img decoding=\"async\" class=\"alignnone size-full wp-image-43582 lazyload\" data-src=\"https:\/\/www.avvocatobertaggia.com\/blog\/wp-content\/uploads\/2021\/02\/LOGO-24-NUOVO.png\" alt=\"\" width=\"155\" height=\"70\" src=\"data:image\/svg+xml;base64,PHN2ZyB3aWR0aD0iMSIgaGVpZ2h0PSIxIiB4bWxucz0iaHR0cDovL3d3dy53My5vcmcvMjAwMC9zdmciPjwvc3ZnPg==\" style=\"--smush-placeholder-width: 155px; --smush-placeholder-aspect-ratio: 155\/70;\" \/><\/p>\n<p>&nbsp;<\/p>\n<p style=\"text-align: justify;\">\u00a9 Riproduzione riservata<br \/>\nNOTE OBBLIGATORIE per la citazione o riproduzione degli articoli e dei documenti pubblicati in www.avvocatobertaggia.com\/blog<br \/>\n\u00c8 consentito il solo link dal proprio sito alla pagina di www.avvocatobertaggia.com\/blog che contiene l&#8217;articolo di interesse.<br \/>\n\u00c8 vietato che l&#8217;intero articolo sia copiato in altro sito; anche in caso di pubblicazione di un estratto parziale \u00e8 sempre obbligatoria l&#8217;indicazione della fonte e l&#8217;inserimento di un link diretto alla pagina di www.avvocatobertaggia.com\/blog che contiene l&#8217;articolo.<br \/>\nPer la citazione in Libri, Riviste, Tesi di laurea, e ogni diversa pubblicazione, online o cartacea, di articoli (o estratti di articoli) pubblicati in www.avvocatobertaggia.com\/blog \u00e8 obbligatoria l&#8217;indicazione della fonte, nel modo che segue:<br \/>\nAutore. Studio Legale Internazionale Bertaggia &#8211; Titolo <strong>Svizzera Esclusa dalla Black List<\/strong>, in www.avvocatobertaggia.com\/blog<\/p>\n<p class=\"Standard\" style=\"text-align: justify;\"><em>La presente Scheda ha scopi esclusivamente informativi, non impegna in alcun modo n\u00e9 la redazione online n\u00e9 lo Studio Legale Internazionale Bertaggia. Non prendere mai decisioni fiscali o giuridiche senza prima avere consultato un avvocato esperto nella materia.<\/em><\/p>\n<p><em>Articolo aggiornato al 02 Agosto 2023<\/em><\/p>\n","protected":false},"excerpt":{"rendered":"<p>SVIZZERA ESCLUSA DALLA BLACK LIST INFO LINE DIRITTO FISCALE INTERNAZIONALE: +393483610420 &nbsp; La Svizzera esclusa definitivamente dalla Black List: Nuove opportunit\u00e0 per i lavoratori frontalieri Svizzera esclusa dalla black list. Buone notizie per i lavoratori frontalieri e i contribuenti italiani! La Svizzera \u00e8 stata ufficialmente rimossa dalla Black List grazie a un decreto firmato dal [&hellip;]<\/p>\n","protected":false},"author":2,"featured_media":42793,"comment_status":"closed","ping_status":"closed","sticky":false,"template":"","format":"standard","meta":{"content-type":"","jnews-multi-image_gallery":[],"jnews_single_post":{"source_name":"","source_url":"","via_name":"","via_url":"","override_template":"0","override":[{"template":"2","single_blog_custom":"","parallax":"1","fullscreen":"1","layout":"right-sidebar","sidebar":"default-sidebar","second_sidebar":"default-sidebar","sticky_sidebar":"1","share_position":"topbottom","share_float_style":"share-monocrhome","show_share_counter":"1","show_view_counter":"1","show_featured":"1","show_post_meta":"1","show_post_author":"1","show_post_author_image":"0","show_post_date":"1","post_date_format":"default","post_date_format_custom":"Y\/m\/d","show_post_category":"1","show_post_reading_time":"0","post_reading_time_wpm":"300","show_zoom_button":"0","zoom_button_out_step":"2","zoom_button_in_step":"3","show_post_tag":"1","show_prev_next_post":"0","show_popup_post":"0","number_popup_post":"1","show_author_box":"1","show_post_related":"1","show_inline_post_related":"1","post_calculate_word_method":"str_word_count"}],"override_image_size":"0","image_override":[{"single_post_thumbnail_size":"crop-500","single_post_gallery_size":"crop-500"}],"trending_post":"0","trending_post_position":"meta","trending_post_label":"Trending","sponsored_post":"0","sponsored_post_label":"Sponsored by","sponsored_post_name":"","sponsored_post_url":"","sponsored_post_logo_enable":"0","sponsored_post_logo":"","sponsored_post_desc":"","disable_ad":"0","format":"standard","subtitle":"La Svizzera fuori dalla Black List: vantaggi fiscali e nuove opportunit\u00e0 per imprese e investitori","jnews_video_option_group":[[]]},"jnews_primary_category":{"id":"","hide":""},"jnews_social_meta":{"fb_title":"","fb_description":"","fb_image":"","twitter_title":"","twitter_description":"","twitter_image":""},"jnews_review":[],"enable_review":"","type":"percentage","name":"","summary":"","brand":"","sku":"","good":[],"bad":[],"score_override":"","override_value":"","rating":[],"price":[],"jnews_override_counter":{"override_view_counter":"0","view_counter_number":"0","override_share_counter":"0","share_counter_number":"0","override_like_counter":"0","like_counter_number":"0","override_dislike_counter":"0","dislike_counter_number":"0"},"jnews_post_split":{"enable_post_split":"0","post_split":[{"template":"1","tag":"h2","numbering":"asc","mode":"normal","first":"0","enable_toc":"0","toc_type":"normal"}]},"footnotes":""},"categories":[1842],"tags":[],"class_list":["post-42790","post","type-post","status-publish","format-standard","has-post-thumbnail","hentry","category-archiviati"],"yoast_head":"<!-- This site is optimized with the Yoast SEO plugin v27.5 - https:\/\/yoast.com\/product\/yoast-seo-wordpress\/ -->\n<title>Svizzera Esclusa dalla Black List - Blog Bertaggia<\/title>\n<meta name=\"description\" content=\"Svizzera Esclusa dalla Black List: scopri cosa cambia per imprese e investitori, vantaggi fiscali e opportunit\u00e0 per il banking internazionale.\" \/>\n<meta name=\"robots\" content=\"index, follow, max-snippet:-1, max-image-preview:large, max-video-preview:-1\" \/>\n<link rel=\"canonical\" href=\"https:\/\/www.avvocatobertaggia.com\/blog\/svizzera-esclusa-dalla-black-list\/\" \/>\n<meta property=\"og:locale\" content=\"it_IT\" \/>\n<meta property=\"og:type\" content=\"article\" \/>\n<meta property=\"og:title\" content=\"Svizzera Esclusa dalla Black List - Blog Bertaggia\" \/>\n<meta property=\"og:description\" content=\"Svizzera Esclusa dalla Black List: scopri cosa cambia per imprese e investitori, vantaggi fiscali e opportunit\u00e0 per il banking internazionale.\" \/>\n<meta property=\"og:url\" content=\"https:\/\/www.avvocatobertaggia.com\/blog\/svizzera-esclusa-dalla-black-list\/\" \/>\n<meta property=\"og:site_name\" content=\"Avvocato Daniele Bertaggia Blog\" \/>\n<meta property=\"article:publisher\" content=\"https:\/\/www.facebook.com\/avvocatodaniele.bertaggia\" \/>\n<meta property=\"article:author\" content=\"https:\/\/www.facebook.com\/avvocatodaniele.bertaggia\" \/>\n<meta property=\"article:published_time\" content=\"2023-08-02T16:56:59+00:00\" \/>\n<meta property=\"article:modified_time\" content=\"2025-02-26T20:09:54+00:00\" \/>\n<meta property=\"og:image\" content=\"https:\/\/www.avvocatobertaggia.com\/blog\/wp-content\/uploads\/2023\/08\/Svizzera-Esclusa-dalla-Black-List-1024x576.png\" \/>\n\t<meta property=\"og:image:width\" content=\"1024\" \/>\n\t<meta property=\"og:image:height\" content=\"576\" \/>\n\t<meta property=\"og:image:type\" content=\"image\/png\" \/>\n<meta name=\"author\" content=\"Avv. Daniele Bertaggia\" \/>\n<meta name=\"twitter:card\" content=\"summary_large_image\" \/>\n<meta name=\"twitter:creator\" content=\"@avv.bertaggia@avvocatobertaggia.com\" \/>\n<meta name=\"twitter:site\" content=\"@Avv_Bertaggia\" \/>\n<meta name=\"twitter:label1\" content=\"Scritto da\" \/>\n\t<meta name=\"twitter:data1\" content=\"Avv. Daniele Bertaggia\" \/>\n\t<meta name=\"twitter:label2\" content=\"Tempo di lettura stimato\" \/>\n\t<meta name=\"twitter:data2\" content=\"5 minuti\" \/>\n<script type=\"application\/ld+json\" class=\"yoast-schema-graph\">{\"@context\":\"https:\\\/\\\/schema.org\",\"@graph\":[{\"@type\":\"Article\",\"@id\":\"https:\\\/\\\/www.avvocatobertaggia.com\\\/blog\\\/svizzera-esclusa-dalla-black-list\\\/#article\",\"isPartOf\":{\"@id\":\"https:\\\/\\\/www.avvocatobertaggia.com\\\/blog\\\/svizzera-esclusa-dalla-black-list\\\/\"},\"author\":{\"name\":\"Avv. Daniele Bertaggia\",\"@id\":\"https:\\\/\\\/www.avvocatobertaggia.com\\\/blog\\\/#\\\/schema\\\/person\\\/0bc74bfe28d66c6f5af334f86ed80b3e\"},\"headline\":\"Svizzera Esclusa dalla Black List\",\"datePublished\":\"2023-08-02T16:56:59+00:00\",\"dateModified\":\"2025-02-26T20:09:54+00:00\",\"mainEntityOfPage\":{\"@id\":\"https:\\\/\\\/www.avvocatobertaggia.com\\\/blog\\\/svizzera-esclusa-dalla-black-list\\\/\"},\"wordCount\":660,\"publisher\":{\"@id\":\"https:\\\/\\\/www.avvocatobertaggia.com\\\/blog\\\/#organization\"},\"image\":{\"@id\":\"https:\\\/\\\/www.avvocatobertaggia.com\\\/blog\\\/svizzera-esclusa-dalla-black-list\\\/#primaryimage\"},\"thumbnailUrl\":\"https:\\\/\\\/www.avvocatobertaggia.com\\\/blog\\\/wp-content\\\/uploads\\\/2023\\\/08\\\/Svizzera-Esclusa-dalla-Black-List.png\",\"articleSection\":[\"Archiviati\"],\"inLanguage\":\"it-IT\"},{\"@type\":\"WebPage\",\"@id\":\"https:\\\/\\\/www.avvocatobertaggia.com\\\/blog\\\/svizzera-esclusa-dalla-black-list\\\/\",\"url\":\"https:\\\/\\\/www.avvocatobertaggia.com\\\/blog\\\/svizzera-esclusa-dalla-black-list\\\/\",\"name\":\"Svizzera Esclusa dalla Black List - Blog Bertaggia\",\"isPartOf\":{\"@id\":\"https:\\\/\\\/www.avvocatobertaggia.com\\\/blog\\\/#website\"},\"primaryImageOfPage\":{\"@id\":\"https:\\\/\\\/www.avvocatobertaggia.com\\\/blog\\\/svizzera-esclusa-dalla-black-list\\\/#primaryimage\"},\"image\":{\"@id\":\"https:\\\/\\\/www.avvocatobertaggia.com\\\/blog\\\/svizzera-esclusa-dalla-black-list\\\/#primaryimage\"},\"thumbnailUrl\":\"https:\\\/\\\/www.avvocatobertaggia.com\\\/blog\\\/wp-content\\\/uploads\\\/2023\\\/08\\\/Svizzera-Esclusa-dalla-Black-List.png\",\"datePublished\":\"2023-08-02T16:56:59+00:00\",\"dateModified\":\"2025-02-26T20:09:54+00:00\",\"description\":\"Svizzera Esclusa dalla Black List: scopri cosa cambia per imprese e investitori, vantaggi fiscali e opportunit\u00e0 per il banking internazionale.\",\"inLanguage\":\"it-IT\",\"potentialAction\":[{\"@type\":\"ReadAction\",\"target\":[\"https:\\\/\\\/www.avvocatobertaggia.com\\\/blog\\\/svizzera-esclusa-dalla-black-list\\\/\"]}]},{\"@type\":\"ImageObject\",\"inLanguage\":\"it-IT\",\"@id\":\"https:\\\/\\\/www.avvocatobertaggia.com\\\/blog\\\/svizzera-esclusa-dalla-black-list\\\/#primaryimage\",\"url\":\"https:\\\/\\\/www.avvocatobertaggia.com\\\/blog\\\/wp-content\\\/uploads\\\/2023\\\/08\\\/Svizzera-Esclusa-dalla-Black-List.png\",\"contentUrl\":\"https:\\\/\\\/www.avvocatobertaggia.com\\\/blog\\\/wp-content\\\/uploads\\\/2023\\\/08\\\/Svizzera-Esclusa-dalla-Black-List.png\",\"width\":2560,\"height\":1440,\"caption\":\"Svizzera Esclusa dalla Black List\"},{\"@type\":\"WebSite\",\"@id\":\"https:\\\/\\\/www.avvocatobertaggia.com\\\/blog\\\/#website\",\"url\":\"https:\\\/\\\/www.avvocatobertaggia.com\\\/blog\\\/\",\"name\":\"Avvocato Daniele Bertaggia Blog\",\"description\":\"News giuridiche, fiscali, finanziarie, penali, con riguardo al panorama internazionale.\",\"publisher\":{\"@id\":\"https:\\\/\\\/www.avvocatobertaggia.com\\\/blog\\\/#organization\"},\"potentialAction\":[{\"@type\":\"SearchAction\",\"target\":{\"@type\":\"EntryPoint\",\"urlTemplate\":\"https:\\\/\\\/www.avvocatobertaggia.com\\\/blog\\\/?s={search_term_string}\"},\"query-input\":{\"@type\":\"PropertyValueSpecification\",\"valueRequired\":true,\"valueName\":\"search_term_string\"}}],\"inLanguage\":\"it-IT\"},{\"@type\":\"Organization\",\"@id\":\"https:\\\/\\\/www.avvocatobertaggia.com\\\/blog\\\/#organization\",\"name\":\"Avvocato Bertaggia Blog\",\"url\":\"https:\\\/\\\/www.avvocatobertaggia.com\\\/blog\\\/\",\"logo\":{\"@type\":\"ImageObject\",\"inLanguage\":\"it-IT\",\"@id\":\"https:\\\/\\\/www.avvocatobertaggia.com\\\/blog\\\/#\\\/schema\\\/logo\\\/image\\\/\",\"url\":\"https:\\\/\\\/www.avvocatobertaggia.com\\\/blog\\\/wp-content\\\/uploads\\\/2020\\\/10\\\/logo-avvocato-bertaggia-blog.png\",\"contentUrl\":\"https:\\\/\\\/www.avvocatobertaggia.com\\\/blog\\\/wp-content\\\/uploads\\\/2020\\\/10\\\/logo-avvocato-bertaggia-blog.png\",\"width\":748,\"height\":150,\"caption\":\"Avvocato Bertaggia Blog\"},\"image\":{\"@id\":\"https:\\\/\\\/www.avvocatobertaggia.com\\\/blog\\\/#\\\/schema\\\/logo\\\/image\\\/\"},\"sameAs\":[\"https:\\\/\\\/www.facebook.com\\\/avvocatodaniele.bertaggia\",\"https:\\\/\\\/x.com\\\/Avv_Bertaggia\",\"https:\\\/\\\/www.instagram.com\\\/studiolegaleinternazionale_db\\\/\",\"https:\\\/\\\/www.linkedin.com\\\/in\\\/daniele-bertaggia-avvocato-internazionale\\\/\",\"https:\\\/\\\/www.youtube.com\\\/channel\\\/UCJ9a6WsXqvePkNFKYTWOs-g\"]},{\"@type\":\"Person\",\"@id\":\"https:\\\/\\\/www.avvocatobertaggia.com\\\/blog\\\/#\\\/schema\\\/person\\\/0bc74bfe28d66c6f5af334f86ed80b3e\",\"name\":\"Avv. Daniele Bertaggia\",\"image\":{\"@type\":\"ImageObject\",\"inLanguage\":\"it-IT\",\"@id\":\"https:\\\/\\\/www.avvocatobertaggia.com\\\/blog\\\/wp-content\\\/uploads\\\/2020\\\/10\\\/bertaggia-150x150.jpeg\",\"url\":\"https:\\\/\\\/www.avvocatobertaggia.com\\\/blog\\\/wp-content\\\/uploads\\\/2020\\\/10\\\/bertaggia-150x150.jpeg\",\"contentUrl\":\"https:\\\/\\\/www.avvocatobertaggia.com\\\/blog\\\/wp-content\\\/uploads\\\/2020\\\/10\\\/bertaggia-150x150.jpeg\",\"caption\":\"Avv. Daniele Bertaggia\"},\"description\":\"Avvocato dal 1993, Cassazionista dal 2009. Collaboro con imprenditori e professionisti nella pianificazione fiscale e nella creazione di societ\u00e0 estere. Mi occupo anche di penale internazionale ed italiano. Coadiuvo uno Studio con numerosi collaboratori professionisti, sia avvocati che commercialisti. Se hai una questione giuridica da risolvere, contattami, trover\u00f2 le risposte legali adeguate.\",\"sameAs\":[\"https:\\\/\\\/www.avvocatobertaggia.org\\\/\",\"https:\\\/\\\/www.facebook.com\\\/avvocatodaniele.bertaggia\",\"studiolegaleinternazionale_db\",\"https:\\\/\\\/www.linkedin.com\\\/in\\\/daniele-bertaggia-avvocato-internazionale\\\/\",\"https:\\\/\\\/x.com\\\/avv.bertaggia@avvocatobertaggia.com\",\"https:\\\/\\\/www.youtube.com\\\/c\\\/DanieleBertaggia-avvocato\"]}]}<\/script>\n<!-- \/ Yoast SEO plugin. -->","yoast_head_json":{"title":"Svizzera Esclusa dalla Black List - Blog Bertaggia","description":"Svizzera Esclusa dalla Black List: scopri cosa cambia per imprese e investitori, vantaggi fiscali e opportunit\u00e0 per il banking internazionale.","robots":{"index":"index","follow":"follow","max-snippet":"max-snippet:-1","max-image-preview":"max-image-preview:large","max-video-preview":"max-video-preview:-1"},"canonical":"https:\/\/www.avvocatobertaggia.com\/blog\/svizzera-esclusa-dalla-black-list\/","og_locale":"it_IT","og_type":"article","og_title":"Svizzera Esclusa dalla Black List - Blog Bertaggia","og_description":"Svizzera Esclusa dalla Black List: scopri cosa cambia per imprese e investitori, vantaggi fiscali e opportunit\u00e0 per il banking internazionale.","og_url":"https:\/\/www.avvocatobertaggia.com\/blog\/svizzera-esclusa-dalla-black-list\/","og_site_name":"Avvocato Daniele Bertaggia Blog","article_publisher":"https:\/\/www.facebook.com\/avvocatodaniele.bertaggia","article_author":"https:\/\/www.facebook.com\/avvocatodaniele.bertaggia","article_published_time":"2023-08-02T16:56:59+00:00","article_modified_time":"2025-02-26T20:09:54+00:00","og_image":[{"width":1024,"height":576,"url":"https:\/\/www.avvocatobertaggia.com\/blog\/wp-content\/uploads\/2023\/08\/Svizzera-Esclusa-dalla-Black-List-1024x576.png","type":"image\/png"}],"author":"Avv. Daniele Bertaggia","twitter_card":"summary_large_image","twitter_creator":"@avv.bertaggia@avvocatobertaggia.com","twitter_site":"@Avv_Bertaggia","twitter_misc":{"Scritto da":"Avv. Daniele Bertaggia","Tempo di lettura stimato":"5 minuti"},"schema":{"@context":"https:\/\/schema.org","@graph":[{"@type":"Article","@id":"https:\/\/www.avvocatobertaggia.com\/blog\/svizzera-esclusa-dalla-black-list\/#article","isPartOf":{"@id":"https:\/\/www.avvocatobertaggia.com\/blog\/svizzera-esclusa-dalla-black-list\/"},"author":{"name":"Avv. Daniele Bertaggia","@id":"https:\/\/www.avvocatobertaggia.com\/blog\/#\/schema\/person\/0bc74bfe28d66c6f5af334f86ed80b3e"},"headline":"Svizzera Esclusa dalla Black List","datePublished":"2023-08-02T16:56:59+00:00","dateModified":"2025-02-26T20:09:54+00:00","mainEntityOfPage":{"@id":"https:\/\/www.avvocatobertaggia.com\/blog\/svizzera-esclusa-dalla-black-list\/"},"wordCount":660,"publisher":{"@id":"https:\/\/www.avvocatobertaggia.com\/blog\/#organization"},"image":{"@id":"https:\/\/www.avvocatobertaggia.com\/blog\/svizzera-esclusa-dalla-black-list\/#primaryimage"},"thumbnailUrl":"https:\/\/www.avvocatobertaggia.com\/blog\/wp-content\/uploads\/2023\/08\/Svizzera-Esclusa-dalla-Black-List.png","articleSection":["Archiviati"],"inLanguage":"it-IT"},{"@type":"WebPage","@id":"https:\/\/www.avvocatobertaggia.com\/blog\/svizzera-esclusa-dalla-black-list\/","url":"https:\/\/www.avvocatobertaggia.com\/blog\/svizzera-esclusa-dalla-black-list\/","name":"Svizzera Esclusa dalla Black List - Blog Bertaggia","isPartOf":{"@id":"https:\/\/www.avvocatobertaggia.com\/blog\/#website"},"primaryImageOfPage":{"@id":"https:\/\/www.avvocatobertaggia.com\/blog\/svizzera-esclusa-dalla-black-list\/#primaryimage"},"image":{"@id":"https:\/\/www.avvocatobertaggia.com\/blog\/svizzera-esclusa-dalla-black-list\/#primaryimage"},"thumbnailUrl":"https:\/\/www.avvocatobertaggia.com\/blog\/wp-content\/uploads\/2023\/08\/Svizzera-Esclusa-dalla-Black-List.png","datePublished":"2023-08-02T16:56:59+00:00","dateModified":"2025-02-26T20:09:54+00:00","description":"Svizzera Esclusa dalla Black List: scopri cosa cambia per imprese e investitori, vantaggi fiscali e opportunit\u00e0 per il banking internazionale.","inLanguage":"it-IT","potentialAction":[{"@type":"ReadAction","target":["https:\/\/www.avvocatobertaggia.com\/blog\/svizzera-esclusa-dalla-black-list\/"]}]},{"@type":"ImageObject","inLanguage":"it-IT","@id":"https:\/\/www.avvocatobertaggia.com\/blog\/svizzera-esclusa-dalla-black-list\/#primaryimage","url":"https:\/\/www.avvocatobertaggia.com\/blog\/wp-content\/uploads\/2023\/08\/Svizzera-Esclusa-dalla-Black-List.png","contentUrl":"https:\/\/www.avvocatobertaggia.com\/blog\/wp-content\/uploads\/2023\/08\/Svizzera-Esclusa-dalla-Black-List.png","width":2560,"height":1440,"caption":"Svizzera Esclusa dalla Black List"},{"@type":"WebSite","@id":"https:\/\/www.avvocatobertaggia.com\/blog\/#website","url":"https:\/\/www.avvocatobertaggia.com\/blog\/","name":"Avvocato Daniele Bertaggia Blog","description":"News giuridiche, fiscali, finanziarie, penali, con riguardo al panorama internazionale.","publisher":{"@id":"https:\/\/www.avvocatobertaggia.com\/blog\/#organization"},"potentialAction":[{"@type":"SearchAction","target":{"@type":"EntryPoint","urlTemplate":"https:\/\/www.avvocatobertaggia.com\/blog\/?s={search_term_string}"},"query-input":{"@type":"PropertyValueSpecification","valueRequired":true,"valueName":"search_term_string"}}],"inLanguage":"it-IT"},{"@type":"Organization","@id":"https:\/\/www.avvocatobertaggia.com\/blog\/#organization","name":"Avvocato Bertaggia Blog","url":"https:\/\/www.avvocatobertaggia.com\/blog\/","logo":{"@type":"ImageObject","inLanguage":"it-IT","@id":"https:\/\/www.avvocatobertaggia.com\/blog\/#\/schema\/logo\/image\/","url":"https:\/\/www.avvocatobertaggia.com\/blog\/wp-content\/uploads\/2020\/10\/logo-avvocato-bertaggia-blog.png","contentUrl":"https:\/\/www.avvocatobertaggia.com\/blog\/wp-content\/uploads\/2020\/10\/logo-avvocato-bertaggia-blog.png","width":748,"height":150,"caption":"Avvocato Bertaggia Blog"},"image":{"@id":"https:\/\/www.avvocatobertaggia.com\/blog\/#\/schema\/logo\/image\/"},"sameAs":["https:\/\/www.facebook.com\/avvocatodaniele.bertaggia","https:\/\/x.com\/Avv_Bertaggia","https:\/\/www.instagram.com\/studiolegaleinternazionale_db\/","https:\/\/www.linkedin.com\/in\/daniele-bertaggia-avvocato-internazionale\/","https:\/\/www.youtube.com\/channel\/UCJ9a6WsXqvePkNFKYTWOs-g"]},{"@type":"Person","@id":"https:\/\/www.avvocatobertaggia.com\/blog\/#\/schema\/person\/0bc74bfe28d66c6f5af334f86ed80b3e","name":"Avv. Daniele Bertaggia","image":{"@type":"ImageObject","inLanguage":"it-IT","@id":"https:\/\/www.avvocatobertaggia.com\/blog\/wp-content\/uploads\/2020\/10\/bertaggia-150x150.jpeg","url":"https:\/\/www.avvocatobertaggia.com\/blog\/wp-content\/uploads\/2020\/10\/bertaggia-150x150.jpeg","contentUrl":"https:\/\/www.avvocatobertaggia.com\/blog\/wp-content\/uploads\/2020\/10\/bertaggia-150x150.jpeg","caption":"Avv. Daniele Bertaggia"},"description":"Avvocato dal 1993, Cassazionista dal 2009. Collaboro con imprenditori e professionisti nella pianificazione fiscale e nella creazione di societ\u00e0 estere. Mi occupo anche di penale internazionale ed italiano. Coadiuvo uno Studio con numerosi collaboratori professionisti, sia avvocati che commercialisti. Se hai una questione giuridica da risolvere, contattami, trover\u00f2 le risposte legali adeguate.","sameAs":["https:\/\/www.avvocatobertaggia.org\/","https:\/\/www.facebook.com\/avvocatodaniele.bertaggia","studiolegaleinternazionale_db","https:\/\/www.linkedin.com\/in\/daniele-bertaggia-avvocato-internazionale\/","https:\/\/x.com\/avv.bertaggia@avvocatobertaggia.com","https:\/\/www.youtube.com\/c\/DanieleBertaggia-avvocato"]}]}},"_links":{"self":[{"href":"https:\/\/www.avvocatobertaggia.com\/blog\/wp-json\/wp\/v2\/posts\/42790","targetHints":{"allow":["GET"]}}],"collection":[{"href":"https:\/\/www.avvocatobertaggia.com\/blog\/wp-json\/wp\/v2\/posts"}],"about":[{"href":"https:\/\/www.avvocatobertaggia.com\/blog\/wp-json\/wp\/v2\/types\/post"}],"author":[{"embeddable":true,"href":"https:\/\/www.avvocatobertaggia.com\/blog\/wp-json\/wp\/v2\/users\/2"}],"replies":[{"embeddable":true,"href":"https:\/\/www.avvocatobertaggia.com\/blog\/wp-json\/wp\/v2\/comments?post=42790"}],"version-history":[{"count":7,"href":"https:\/\/www.avvocatobertaggia.com\/blog\/wp-json\/wp\/v2\/posts\/42790\/revisions"}],"predecessor-version":[{"id":44290,"href":"https:\/\/www.avvocatobertaggia.com\/blog\/wp-json\/wp\/v2\/posts\/42790\/revisions\/44290"}],"wp:featuredmedia":[{"embeddable":true,"href":"https:\/\/www.avvocatobertaggia.com\/blog\/wp-json\/wp\/v2\/media\/42793"}],"wp:attachment":[{"href":"https:\/\/www.avvocatobertaggia.com\/blog\/wp-json\/wp\/v2\/media?parent=42790"}],"wp:term":[{"taxonomy":"category","embeddable":true,"href":"https:\/\/www.avvocatobertaggia.com\/blog\/wp-json\/wp\/v2\/categories?post=42790"},{"taxonomy":"post_tag","embeddable":true,"href":"https:\/\/www.avvocatobertaggia.com\/blog\/wp-json\/wp\/v2\/tags?post=42790"}],"curies":[{"name":"wp","href":"https:\/\/api.w.org\/{rel}","templated":true}]}}